{"id":107794,"date":"2019-09-19T14:18:16","date_gmt":"2019-09-19T12:18:16","guid":{"rendered":"https:\/\/zjarr.tv\/?p=107794"},"modified":"2019-09-19T14:18:16","modified_gmt":"2019-09-19T12:18:16","slug":"zbulohet-se-perse-2-amerikane-misterioze-nuk-i-jane-ndare-saimir-tahirit-ne-gjyq","status":"publish","type":"post","link":"https:\/\/zjarr.tv\/sq\/zbulohet-se-perse-2-amerikane-misterioze-nuk-i-jane-ndare-saimir-tahirit-ne-gjyq\/","title":{"rendered":"Zbulohet se p\u00ebrse 2 amerikan\u00eb `misterioz\u00eb`, nuk i jan\u00eb ndar\u00eb Saimir Tahirit n\u00eb gjyq"},"content":{"rendered":"<p>N\u00eb t\u00eb gjitha seancat q\u00eb jan\u00eb zhvilluar ndaj ish-ministrit t\u00eb Brendsh\u00ebm dhe ish krahut t\u00eb djatht\u00eb t\u00eb Edi Ram\u00ebs, Saimir Tahiri, n\u00eb gjykat\u00ebn e Krimeve t\u00eb R\u00ebnda nuk kan\u00eb munguar kurr\u00eb 2 amerikan\u00eb misterioz, t\u00eb cil\u00ebt sipas mediave punojn\u00eb n\u00eb ambasad\u00ebn amerikane n\u00eb Tiran\u00eb.<\/p>\n<p>Edhe dit\u00ebn e sotme ata jan\u00eb shfaqur n\u00eb k\u00ebt\u00eb gjykat\u00eb m\u00eb her\u00ebt, edhe se vet\u00eb gazetar\u00ebt dhe kan\u00eb ndjekur n\u00eb heshtje t\u00eb gjith\u00eb seanc\u00ebn me replika t\u00eb ashpra nga ana e ish-ministrit t\u00eb Rilindjes. Duket se k\u00ebshtu do t\u00eb b\u00ebjn\u00eb edhe pasditen e sotme n\u00eb or\u00ebn 16.00, kur pritet q\u00eb t\u00eb jepet vendimi p\u00ebrfundimtar nga togat e nxehta p\u00ebr k\u00ebt\u00eb \u00e7\u00ebshtje t\u00eb nxeht\u00eb p\u00ebr drejt\u00ebsin\u00eb, politik\u00ebn dhe publikun shqiptar\u00eb.<\/p>\n<p>T\u00eb shumta kan\u00eb qen\u00eb pyetjet dhe hamendjet p\u00ebr k\u00ebt\u00eb prezenc\u00eb t\u00eb spikatur t\u00eb amerikan\u00ebve n\u00eb gjyqin e Tahirit, duke pasur parasysh se k\u00ebt\u00eb gj\u00eb ata e kan\u00eb b\u00ebr\u00eb vet\u00ebm p\u00ebr raste t\u00eb spikatura t\u00eb krimit t\u00eb organizuar, si\u00e7 edhe ka qen\u00eb \u00e7\u00ebshtja e organizat\u00ebs s\u00eb Emiliano Shullazit.<\/p>\n<div id=\"rekl-13\">\n<div id=\"__sap-ad-15\" class=\"__sap-ads __sap-html tracked\" data-title=\"Credins desktop 08\"><ins><\/p>\n<div id=\"beacon_3e1080a01f\"><img loading=\"lazy\" decoding=\"async\" src=\"https:\/\/ads1.medium.al\/www\/delivery\/lg.php?bannerid=373&amp;campaignid=48&amp;zoneid=182&amp;loc=https%3A%2F%2Fwww.syri.net%2Fpolitike%2F281516%2Fzbulohet-se-perse-2-amerikane-misterioze-nuk-i-jane-ndare-saimir-tahirit-ne-gjyq%2F&amp;referer=https%3A%2F%2Fwww.syri.net%2Flajme%2F&amp;cb=3e1080a01f\" alt=\"\" width=\"0\" height=\"0\" \/><\/div>\n<p><\/ins><\/div>\n<\/div>\n<p>Por kthjellimin e k\u00ebtij \u201cmisteri\u201d mund ta gjejm\u00eb te nj\u00eb deklarat\u00eb e fort\u00eb e ish-ambasadorit amerikan n\u00eb Tiran\u00eb, Donald Lu, nat\u00ebn e 5 prillit 2018 n\u00eb studion e Blendi Fevziut. I pyetur p\u00ebr \u00e7\u00ebshtjen Tahiri e cila sapo kishte shp\u00ebrthyer me t\u00eb gjitha p\u00ebrmasat e saj n\u00eb at\u00eb koh\u00eb, Donald Lu, pasi theksoi fuqin\u00eb e Saimir Tahirit n\u00eb qeverin\u00eb e Ram\u00ebs deklaroi n\u00eb em\u00ebr t\u00eb qeveris\u00eb amerikane, se fati i tij duhej t\u00eb vendosej vet\u00ebm nga drejt\u00ebsia dhe jo nga politikan\u00ebt. Duke tejkaluar edhe petkun e diplomatit Lu gjithmon\u00eb duke folur n\u00eb em\u00ebr t\u00eb SHBA-ve deklaroi se \u201ctashm\u00eb kemi par\u00eb shum\u00eb prova\u2026\u201d, p\u00ebr Saimir Tahirin.<\/p>\n<p>\u201cShikoni Saimir Tahirin, ish-Ministri i Brendsh\u00ebm shum\u00eb i fuqish\u00ebm. Po hetohet dhe besoj se jemi pran\u00eb ndjekjes penale n\u00eb k\u00ebt\u00eb \u00e7\u00ebshtje.<\/p>\n<p>Nuk jemi pran\u00eb p\u00ebrfundimit t\u00eb \u00e7\u00ebshtjes, por \u00ebsht\u00eb pozicioni i Qeveris\u00eb s\u00eb SHBA dhe i Ambasad\u00ebs s\u00eb SHBA se \u00e7\u00ebshtja kund\u00ebr Saimir Tahirit meriton t\u00eb vendoset nga nj\u00eb gjykat\u00ebs, jo t\u00eb vendoset nga politikan\u00ebt, jo t\u00eb vendoset nga prokuror\u00ebt q\u00eb nuk b\u00ebjn\u00eb pun\u00ebn, por duhet t\u00eb vendoset nga nj\u00eb gjykat\u00ebs q\u00eb do t\u00eb shoh\u00eb me transparenc\u00eb provat e \u00e7\u00ebshtjes. Kemi par\u00eb tashm\u00eb n\u00eb media shum\u00eb prova\u2026\u201d, deklaroi Lu at\u00ebher\u00eb.<\/p>\n<p>Kujtojm\u00eb se t\u00eb nj\u00ebt\u00ebn v\u00ebmendje ndaj procesit t\u00eb Tahirit kan\u00eb pasur dhe kan\u00eb, edhe gjerman\u00ebt.<\/p>\n","protected":false},"excerpt":{"rendered":"<p>N\u00eb t\u00eb gjitha seancat q\u00eb jan\u00eb zhvilluar ndaj ish-ministrit t\u00eb Brendsh\u00ebm dhe ish krahut t\u00eb djatht\u00eb t\u00eb Edi Ram\u00ebs, Saimir Tahiri, n\u00eb gjykat\u00ebn e Krimeve t\u00eb R\u00ebnda nuk kan\u00eb munguar kurr\u00eb 2 amerikan\u00eb misterioz, t\u00eb cil\u00ebt sipas mediave punojn\u00eb n\u00eb ambasad\u00ebn amerikane n\u00eb Tiran\u00eb. Edhe dit\u00ebn e sotme ata jan\u00eb shfaqur n\u00eb k\u00ebt\u00eb gjykat\u00eb m\u00eb [&hellip;]<\/p>\n","protected":false},"author":2013,"featured_media":50262,"comment_status":"open","ping_status":"closed","sticky":false,"template":"","format":"standard","meta":{"footnotes":""},"categories":[241,235],"tags":[],"class_list":{"0":"post-107794","1":"post","2":"type-post","3":"status-publish","4":"format-standard","5":"has-post-thumbnail","7":"category-aktualitet","8":"category-vendi"},"_links":{"self":[{"href":"https:\/\/zjarr.tv\/sq\/wp-json\/wp\/v2\/posts\/107794","targetHints":{"allow":["GET"]}}],"collection":[{"href":"https:\/\/zjarr.tv\/sq\/wp-json\/wp\/v2\/posts"}],"about":[{"href":"https:\/\/zjarr.tv\/sq\/wp-json\/wp\/v2\/types\/post"}],"author":[{"embeddable":true,"href":"https:\/\/zjarr.tv\/sq\/wp-json\/wp\/v2\/users\/2013"}],"replies":[{"embeddable":true,"href":"https:\/\/zjarr.tv\/sq\/wp-json\/wp\/v2\/comments?post=107794"}],"version-history":[{"count":0,"href":"https:\/\/zjarr.tv\/sq\/wp-json\/wp\/v2\/posts\/107794\/revisions"}],"wp:featuredmedia":[{"embeddable":true,"href":"https:\/\/zjarr.tv\/sq\/wp-json\/wp\/v2\/media\/50262"}],"wp:attachment":[{"href":"https:\/\/zjarr.tv\/sq\/wp-json\/wp\/v2\/media?parent=107794"}],"wp:term":[{"taxonomy":"category","embeddable":true,"href":"https:\/\/zjarr.tv\/sq\/wp-json\/wp\/v2\/categories?post=107794"},{"taxonomy":"post_tag","embeddable":true,"href":"https:\/\/zjarr.tv\/sq\/wp-json\/wp\/v2\/tags?post=107794"}],"curies":[{"name":"wp","href":"https:\/\/api.w.org\/{rel}","templated":true}]}}