{"id":107818,"date":"2019-09-19T15:46:19","date_gmt":"2019-09-19T13:46:19","guid":{"rendered":"https:\/\/zjarr.tv\/?p=107818"},"modified":"2019-09-19T15:46:19","modified_gmt":"2019-09-19T13:46:19","slug":"rudina-hajdari-reforma-zgjedhore-po-merr-rrugen-e-duhur-pak-ore-e-dite-na-ndajne-nga","status":"publish","type":"post","link":"https:\/\/zjarr.tv\/sq\/rudina-hajdari-reforma-zgjedhore-po-merr-rrugen-e-duhur-pak-ore-e-dite-na-ndajne-nga\/","title":{"rendered":"Rudina Hajdari: Reforma Zgjedhore po merr rrug\u00ebn e duhur, pak or\u00eb e dit\u00eb na ndajn\u00eb nga \u2026"},"content":{"rendered":"<p>Deputetja Rudina Hajdari, e cila \u00ebsht\u00eb nj\u00ebkoh\u00ebsisht edhe bashk\u00ebkryetare e Komisionit t\u00eb Reform\u00ebs Zgjedhore, shkruan n\u00eb \u201cTwitter\u201d se kjo reform\u00eb po merr rrug\u00ebn e duhur.<\/p>\n<div id=\"sovrn\" class=\"desktop_ad ad_bottom_space\"><ins><\/p>\n<div id=\"beacon_91fa435ce2\"><img loading=\"lazy\" decoding=\"async\" src=\"https:\/\/ads.balkanweb.com\/www\/delivery\/lg.php?bannerid=0&amp;campaignid=0&amp;zoneid=426&amp;loc=https%3A%2F%2Fbalkanweb.com%2Frudina-hajdari-reforma-zgjedhore-po-merr-rrugen-e-duhur-pak-ore-e-dite-na-ndajne-nga%2F&amp;referer=https%3A%2F%2Fbalkanweb.com%2Fkategoria%2Fshqiperia%2F&amp;cb=91fa435ce2\" alt=\"\" width=\"0\" height=\"0\" \/><\/div>\n<p><\/ins><\/div>\n<p>Sipas Hajdarit, ftesa p\u00ebr opozit\u00ebn jasht\u00eb p\u00ebr dialog \u00ebsht\u00eb mir\u00ebpritur nga t\u00eb gjitha pal\u00ebt, nd\u00ebrsa shton se k\u00ebrkesat m\u00eb n\u00eb fund po gjejn\u00eb konsensus.<\/p>\n<div id=\"pa_1x1_psbk_1568900750713\"><\/div>\n<p>\u201cRezoluta nj\u00eb z\u00ebri gati, Reforma Zgjedhore po merr rrug\u00ebn e duhur. Ftesa p\u00ebr opozit\u00ebn jasht\u00eb p\u00ebr dialog, e mir\u00ebpritur nga t\u00eb gjitha pal\u00ebt. K\u00ebrkesat m\u00eb n\u00eb fund po gjejn\u00eb konsensus. Pak or\u00eb dhe dit\u00eb na ndajn\u00eb n\u00ebse politika do t\u2019i p\u00ebrgjigjet po 90% t\u00eb Shqip\u00ebris\u00eb p\u00ebr hapjen e negociatave\u2026\u201d, shkruan Hajdari.<\/p>\n<div class=\"galery-slider\">\n<ul class=\"slides\">\n<li class=\"flex-slider-item flex-active-slide\"><a href=\"https:\/\/balkanweb.com\/wp-content\/uploads\/2019\/09\/rudinaaaa.jpg\" rel=\"lightbox\"><img decoding=\"async\" draggable=\"false\" src=\"https:\/\/balkanweb.com\/wp-content\/uploads\/2019\/09\/rudinaaaa.jpg\" alt=\"foto galeri \" \/><\/a><\/li>\n<\/ul>\n<\/div>\n","protected":false},"excerpt":{"rendered":"<p>Deputetja Rudina Hajdari, e cila \u00ebsht\u00eb nj\u00ebkoh\u00ebsisht edhe bashk\u00ebkryetare e Komisionit t\u00eb Reform\u00ebs Zgjedhore, shkruan n\u00eb \u201cTwitter\u201d se kjo reform\u00eb po merr rrug\u00ebn e duhur. Sipas Hajdarit, ftesa p\u00ebr opozit\u00ebn jasht\u00eb p\u00ebr dialog \u00ebsht\u00eb mir\u00ebpritur nga t\u00eb gjitha pal\u00ebt, nd\u00ebrsa shton se k\u00ebrkesat m\u00eb n\u00eb fund po gjejn\u00eb konsensus. \u201cRezoluta nj\u00eb z\u00ebri gati, Reforma Zgjedhore [&hellip;]<\/p>\n","protected":false},"author":2013,"featured_media":106306,"comment_status":"open","ping_status":"closed","sticky":false,"template":"","format":"standard","meta":{"footnotes":""},"categories":[241,235],"tags":[],"class_list":{"0":"post-107818","1":"post","2":"type-post","3":"status-publish","4":"format-standard","5":"has-post-thumbnail","7":"category-aktualitet","8":"category-vendi"},"_links":{"self":[{"href":"https:\/\/zjarr.tv\/sq\/wp-json\/wp\/v2\/posts\/107818","targetHints":{"allow":["GET"]}}],"collection":[{"href":"https:\/\/zjarr.tv\/sq\/wp-json\/wp\/v2\/posts"}],"about":[{"href":"https:\/\/zjarr.tv\/sq\/wp-json\/wp\/v2\/types\/post"}],"author":[{"embeddable":true,"href":"https:\/\/zjarr.tv\/sq\/wp-json\/wp\/v2\/users\/2013"}],"replies":[{"embeddable":true,"href":"https:\/\/zjarr.tv\/sq\/wp-json\/wp\/v2\/comments?post=107818"}],"version-history":[{"count":0,"href":"https:\/\/zjarr.tv\/sq\/wp-json\/wp\/v2\/posts\/107818\/revisions"}],"wp:featuredmedia":[{"embeddable":true,"href":"https:\/\/zjarr.tv\/sq\/wp-json\/wp\/v2\/media\/106306"}],"wp:attachment":[{"href":"https:\/\/zjarr.tv\/sq\/wp-json\/wp\/v2\/media?parent=107818"}],"wp:term":[{"taxonomy":"category","embeddable":true,"href":"https:\/\/zjarr.tv\/sq\/wp-json\/wp\/v2\/categories?post=107818"},{"taxonomy":"post_tag","embeddable":true,"href":"https:\/\/zjarr.tv\/sq\/wp-json\/wp\/v2\/tags?post=107818"}],"curies":[{"name":"wp","href":"https:\/\/api.w.org\/{rel}","templated":true}]}}