{"id":107820,"date":"2019-09-19T15:48:13","date_gmt":"2019-09-19T13:48:13","guid":{"rendered":"https:\/\/zjarr.tv\/?p=107820"},"modified":"2019-09-19T15:48:13","modified_gmt":"2019-09-19T13:48:13","slug":"doreheqja-e-qatos-tabaku-neser-publikojme-provat-e-skandalit-qe-e-detyroi-te-largohet","status":"publish","type":"post","link":"https:\/\/zjarr.tv\/sq\/doreheqja-e-qatos-tabaku-neser-publikojme-provat-e-skandalit-qe-e-detyroi-te-largohet\/","title":{"rendered":"Dor\u00ebheqja e Qatos, Tabaku: Nes\u00ebr publikojm\u00eb provat e skandalit q\u00eb e detyroi t\u00eb largohet"},"content":{"rendered":"<p>Vet\u00ebm pak minuta pasi Sonila Qato njoftoi\u00a0dor\u00ebheqjen\u00a0 si drejtore e ARRSH-s\u00eb ka ardhur dhe reagimi i ish-deputetes s\u00eb PD-s\u00eb, Jorida Tabaku.<\/p>\n<p>P\u00ebrmes nj\u00eb postimi n\u00eb facebook, Tabaku thot\u00eb se largimi i Sonila Qatos \u00ebsht\u00eb \u00a0pjes\u00eb e luft\u00ebs s\u00eb brendshme p\u00ebr vjedhjen e milionave eurove me kompanit\u00eb e Edi Ram\u00ebs, duke paralajm\u00ebruar edhe publikimin e provave q\u00eb faktojn\u00eb k\u00ebt\u00eb pretendim gjat\u00eb dit\u00ebs s\u00eb nes\u00ebrme.<\/p>\n<p><strong><em>Tabaku:\u00a0<\/em><\/strong><em>Me parimin nj\u00eb vjedhje t\u00eb madhe mbuloje me nj\u00eb zhurm\u00eb m\u00eb t\u00eb madhe, Edi Rama, largoi nga detyra drejtor\u00ebsh\u00ebn e Agjencis\u00eb s\u00eb Rrug\u00ebve, Sonila Qato 1 or\u00eb p\u00ebrpara se gjykata t\u00eb marr\u00eb vendimin p\u00ebr Saimir Tahirin. Nje doreheqje qe ka qene gati qe dje e firmosur!<\/em><\/p>\n<p><em>Edi Rama po p\u00ebrpiqet t\u00eb mbuloj\u00eb luft\u00ebn e eg\u00ebr q\u00eb ka plasur mes grupeve n\u00eb PS me shpres\u00ebn se gjyqi i Tahirit do t\u00eb b\u00ebj\u00eb t\u00eb harrohet skandali i Sonila Qatos, i Belinda Ballukut dhe i kompanive me t\u00eb cilat, Rama, bashke me to, vjedh shqiptar\u00ebt!<\/em><\/p>\n<p><em>Asgj\u00eb nuk do t\u00eb harrohet! \u00c7do afer\u00eb korruptive do t\u2019i b\u00ebhet e njohur publikut!Partia Demokratike do t\u00eb sjell\u00eb q\u00eb nes\u00ebr prova p\u00ebr skandalin q\u00eb detyroi Sonila Qaton t\u00eb largohet.<\/em><\/p>\n","protected":false},"excerpt":{"rendered":"<p>Vet\u00ebm pak minuta pasi Sonila Qato njoftoi\u00a0dor\u00ebheqjen\u00a0 si drejtore e ARRSH-s\u00eb ka ardhur dhe reagimi i ish-deputetes s\u00eb PD-s\u00eb, Jorida Tabaku. P\u00ebrmes nj\u00eb postimi n\u00eb facebook, Tabaku thot\u00eb se largimi i Sonila Qatos \u00ebsht\u00eb \u00a0pjes\u00eb e luft\u00ebs s\u00eb brendshme p\u00ebr vjedhjen e milionave eurove me kompanit\u00eb e Edi Ram\u00ebs, duke paralajm\u00ebruar edhe publikimin e provave [&hellip;]<\/p>\n","protected":false},"author":2013,"featured_media":89241,"comment_status":"open","ping_status":"closed","sticky":false,"template":"","format":"standard","meta":{"footnotes":""},"categories":[241,235],"tags":[],"class_list":{"0":"post-107820","1":"post","2":"type-post","3":"status-publish","4":"format-standard","5":"has-post-thumbnail","7":"category-aktualitet","8":"category-vendi"},"_links":{"self":[{"href":"https:\/\/zjarr.tv\/sq\/wp-json\/wp\/v2\/posts\/107820","targetHints":{"allow":["GET"]}}],"collection":[{"href":"https:\/\/zjarr.tv\/sq\/wp-json\/wp\/v2\/posts"}],"about":[{"href":"https:\/\/zjarr.tv\/sq\/wp-json\/wp\/v2\/types\/post"}],"author":[{"embeddable":true,"href":"https:\/\/zjarr.tv\/sq\/wp-json\/wp\/v2\/users\/2013"}],"replies":[{"embeddable":true,"href":"https:\/\/zjarr.tv\/sq\/wp-json\/wp\/v2\/comments?post=107820"}],"version-history":[{"count":0,"href":"https:\/\/zjarr.tv\/sq\/wp-json\/wp\/v2\/posts\/107820\/revisions"}],"wp:featuredmedia":[{"embeddable":true,"href":"https:\/\/zjarr.tv\/sq\/wp-json\/wp\/v2\/media\/89241"}],"wp:attachment":[{"href":"https:\/\/zjarr.tv\/sq\/wp-json\/wp\/v2\/media?parent=107820"}],"wp:term":[{"taxonomy":"category","embeddable":true,"href":"https:\/\/zjarr.tv\/sq\/wp-json\/wp\/v2\/categories?post=107820"},{"taxonomy":"post_tag","embeddable":true,"href":"https:\/\/zjarr.tv\/sq\/wp-json\/wp\/v2\/tags?post=107820"}],"curies":[{"name":"wp","href":"https:\/\/api.w.org\/{rel}","templated":true}]}}