{"id":107825,"date":"2019-09-19T16:41:10","date_gmt":"2019-09-19T14:41:10","guid":{"rendered":"https:\/\/zjarr.tv\/?p=107825"},"modified":"2019-09-19T16:41:10","modified_gmt":"2019-09-19T14:41:10","slug":"gjyqi-i-saimir-tahirit-avokati-vishaj-prisni-te-qete-vendimin-ska-asnje-efekt-juridik","status":"publish","type":"post","link":"https:\/\/zjarr.tv\/sq\/gjyqi-i-saimir-tahirit-avokati-vishaj-prisni-te-qete-vendimin-ska-asnje-efekt-juridik\/","title":{"rendered":"Gjyqi i Saimir Tahirit\/ Avokati Vishaj: Prisni t\u00eb qet\u00eb vendimin, s\u2019ka asnj\u00eb efekt juridik"},"content":{"rendered":"<p>Avokati i njohur Saimir Vishaj n\u00eb nj\u00eb lidhje t\u00eb drejtp\u00ebrdrejt\u00eb p\u00ebr \u201cNews 24\u201d foli n\u00eb lidhje me procesin gjyq\u00ebsor t\u00eb Saimir Tahirit.<\/p>\n<div id=\"sovrn\" class=\"desktop_ad ad_bottom_space\"><ins><\/p>\n<div id=\"beacon_f1e4e5f003\"><img loading=\"lazy\" decoding=\"async\" src=\"https:\/\/ads.balkanweb.com\/www\/delivery\/lg.php?bannerid=0&amp;campaignid=0&amp;zoneid=426&amp;loc=https%3A%2F%2Fbalkanweb.com%2Fgjyqi-i-saimir-tahirit-avokati-vishaj-prisni-te-qete-vendimin-ska-asnje-efekt-juridik%2F&amp;referer=https%3A%2F%2Fbalkanweb.com%2Fkategoria%2Fshqiperia%2F&amp;cb=f1e4e5f003\" alt=\"\" width=\"0\" height=\"0\" \/><\/div>\n<p><\/ins><\/div>\n<p>Vishaj deklaroi se vendimi i Shkall\u00ebs s\u00eb Par\u00eb p\u00ebr Tahirin duhet pritur i qet\u00eb, p\u00ebr shkak se nuk ka asnj\u00eb efekt juridik. Ai shtoi se Saimir Tahiri aktualisht \u00ebsht\u00eb i pandehur, pra i dyshuar dhe nuk \u00ebsht\u00eb provuar faj\u00ebsia e tij.<\/p>\n<div id=\"pa_1x1_psbk_1568904047875\"><\/div>\n<p><strong>\u201c<\/strong>Si avokat, asnj\u00eb njeri q\u00eb nuk \u00ebsht\u00eb n\u00eb burg. Nuk mund t\u00eb paragjykoj nj\u00eb vendim,. Duhet t\u00eb presim vendimin e gjykat\u00ebs. \u00c7do lloj vendimi q\u00eb do t\u00eb dal\u00eb sot, nuk \u00ebsht\u00eb i form\u00ebs s\u00eb prer\u00eb, nuk mund t\u00eb prodhoj\u00eb asnj\u00eb pasoj\u00eb juridike. N\u00ebse vendimi ankimohet p\u00ebr 15 dit\u00eb ose 45 dit\u00eb sipas ligjit t\u00eb ri, do jet\u00eb i lir\u00eb. Le ta presim t\u00eb qet\u00eb k\u00ebt\u00eb vendim t\u00eb Shkall\u00ebs s\u00eb Par\u00eb. Zoti Tahiri aktualisht dyshohet, askush nuk mund ti thot\u00eb fajtor, pavar\u00ebsisht vendimit t\u00eb gjykat\u00ebs\u201d, tha Vishaj.<\/p>\n","protected":false},"excerpt":{"rendered":"<p>Avokati i njohur Saimir Vishaj n\u00eb nj\u00eb lidhje t\u00eb drejtp\u00ebrdrejt\u00eb p\u00ebr \u201cNews 24\u201d foli n\u00eb lidhje me procesin gjyq\u00ebsor t\u00eb Saimir Tahirit. Vishaj deklaroi se vendimi i Shkall\u00ebs s\u00eb Par\u00eb p\u00ebr Tahirin duhet pritur i qet\u00eb, p\u00ebr shkak se nuk ka asnj\u00eb efekt juridik. Ai shtoi se Saimir Tahiri aktualisht \u00ebsht\u00eb i pandehur, pra i [&hellip;]<\/p>\n","protected":false},"author":2013,"featured_media":107903,"comment_status":"open","ping_status":"closed","sticky":false,"template":"","format":"standard","meta":{"footnotes":""},"categories":[241,235],"tags":[],"class_list":{"0":"post-107825","1":"post","2":"type-post","3":"status-publish","4":"format-standard","5":"has-post-thumbnail","7":"category-aktualitet","8":"category-vendi"},"_links":{"self":[{"href":"https:\/\/zjarr.tv\/sq\/wp-json\/wp\/v2\/posts\/107825","targetHints":{"allow":["GET"]}}],"collection":[{"href":"https:\/\/zjarr.tv\/sq\/wp-json\/wp\/v2\/posts"}],"about":[{"href":"https:\/\/zjarr.tv\/sq\/wp-json\/wp\/v2\/types\/post"}],"author":[{"embeddable":true,"href":"https:\/\/zjarr.tv\/sq\/wp-json\/wp\/v2\/users\/2013"}],"replies":[{"embeddable":true,"href":"https:\/\/zjarr.tv\/sq\/wp-json\/wp\/v2\/comments?post=107825"}],"version-history":[{"count":0,"href":"https:\/\/zjarr.tv\/sq\/wp-json\/wp\/v2\/posts\/107825\/revisions"}],"wp:featuredmedia":[{"embeddable":true,"href":"https:\/\/zjarr.tv\/sq\/wp-json\/wp\/v2\/media\/107903"}],"wp:attachment":[{"href":"https:\/\/zjarr.tv\/sq\/wp-json\/wp\/v2\/media?parent=107825"}],"wp:term":[{"taxonomy":"category","embeddable":true,"href":"https:\/\/zjarr.tv\/sq\/wp-json\/wp\/v2\/categories?post=107825"},{"taxonomy":"post_tag","embeddable":true,"href":"https:\/\/zjarr.tv\/sq\/wp-json\/wp\/v2\/tags?post=107825"}],"curies":[{"name":"wp","href":"https:\/\/api.w.org\/{rel}","templated":true}]}}