{"id":107830,"date":"2019-09-19T18:50:40","date_gmt":"2019-09-19T16:50:40","guid":{"rendered":"https:\/\/zjarr.tv\/?p=107830"},"modified":"2019-09-19T15:56:17","modified_gmt":"2019-09-19T13:56:17","slug":"serbia-deshton-ta-perjashtoje-kosoven-nga-forumi-nderkombetar-per-trajnimet-diplomatike","status":"publish","type":"post","link":"https:\/\/zjarr.tv\/sq\/serbia-deshton-ta-perjashtoje-kosoven-nga-forumi-nderkombetar-per-trajnimet-diplomatike\/","title":{"rendered":"Serbia d\u00ebshton ta p\u00ebrjashtoj\u00eb Kosov\u00ebn nga Forumi Nd\u00ebrkomb\u00ebtar p\u00ebr Trajnimet Diplomatike"},"content":{"rendered":"<p><strong>Serbia ka d\u00ebshtuar ta p\u00ebrjashtoj\u00eb Kosov\u00ebn nga Forumi Nd\u00ebrkomb\u00ebtar p\u00ebr Trajnimet Diplomatike.<\/strong><\/p>\n<p>K\u00ebt\u00eb e ka b\u00ebr\u00eb t\u00eb ditur p\u00ebrmes nj\u00eb postimi n\u00eb Facebook, Fatmir Haxholli q\u00eb \u00ebsht\u00eb drejtor i p\u00ebrgjithsh\u00ebm i k\u00ebsaj Akademie.<\/p>\n<p>\u201dDrejtoresha e Akademis\u00eb Diplomatike t\u00eb Serbis\u00eb, Mirjana Milosavljevic, n\u00eb tentativ\u00ebn e d\u00ebshtuar p\u00ebr sfidimin e pjes\u00ebmarrjes s\u00eb Akademis\u00eb s\u00eb Republik\u00ebs s\u00eb Kosov\u00ebs, ka l\u00ebshuar punimet\u201d, ka shkruajtur ai.<\/p>\n<p><strong>Postimi i plot\u00eb:<\/strong><\/p>\n<p>Forumi Nd\u00ebrkomb\u00ebtar p\u00ebr Trajnimet Diplomatike<\/p>\n<p>N\u00eb kuad\u00ebr t\u00eb punimeve t\u00eb Forumit Nd\u00ebrkomb\u00ebtar p\u00ebr Trajnimet Diplomatike, t\u00eb mbajtura n\u00eb Gjenev\u00eb, n\u00eb kapacitet t\u00eb barabart\u00eb, po merr pjes\u00eb edhe Akademia Diplomatike e Republik\u00ebs s\u00eb Kosov\u00ebs.<\/p>\n<p>N\u00eb k\u00ebt\u00eb ngjarje globale, po marrin pjes\u00eb pothuaj t\u00eb gjitha Akademit\u00eb dhe Institutet, nga shumica e Ministrive t\u00eb Pun\u00ebve t\u00eb Jashtme t\u00eb vendeve nga Evropa, Amerika, Azia, Afrika dhe Paq\u00ebsori.<\/p>\n<p>Drejtoresha e Akademis\u00eb Diplomatike t\u00eb Serbis\u00eb, Mirjana Milosavljevic, n\u00eb tentativ\u00ebn e d\u00ebshtuar p\u00ebr sfidimin e pjes\u00ebmarrjes s\u00eb Akademis\u00eb s\u00eb Republik\u00ebs s\u00eb Kosov\u00ebs, ka l\u00ebshuar punimet.<\/p>\n<p>Ndon\u00ebse supozohej q\u00eb Akademia Diplomatike e Serbis\u00eb, do t\u00eb duhej ta dij\u00eb, q\u00eb nuk mund t\u2019i bart\u00eb ngarkesat n\u00eb nj\u00eb Forum Nd\u00ebrkomb\u00ebtar, aq m\u00eb pak n\u00eb nj\u00eb Forum Diplomatik, ajo sikurse t\u00eb gjitha institucionet e atij vendi, nuk po arrijn\u00eb t\u2019i p\u00ebrshtaten realitetit t\u00eb ri nd\u00ebrkomb\u00ebtar, ku Republika e Kosov\u00ebs \u00ebsht\u00eb pjes\u00ebmarr\u00ebs i barabart\u00eb dhe aktiv.<\/p>\n<p>N\u00eb konfuzion, por edhe n\u00eb rast d\u00ebshtimi, p\u00ebr ta mohuar m\u00eb von\u00eb autorsin\u00eb, ajo ka l\u00ebn\u00eb nj\u00eb let\u00ebr shpjeguese, pa logo t\u00eb institucionit, pa em\u00ebr, kund\u00ebr pjes\u00ebmarrjes s\u00eb Akademis\u00eb Diplomatike t\u00eb Republik\u00ebs s\u00eb Kosov\u00ebs.<\/p>\n<p>Homolog\u00ebve ju shpjegova se p\u00ebrpos q\u00eb ky \u00ebsht\u00eb veprim jo diplomatik, nj\u00ebher\u00ebsh \u00ebsht\u00eb edhe veprim ilegal dhe kund\u00ebr frym\u00ebs s\u00eb punimeve t\u00eb Forumit.<\/p>\n<p>U pajtuam q\u00eb p\u00ebrkoh\u00ebsisht, k\u00ebt\u00eb sjellje ta trajtojm\u00eb si t\u00eb izoluar, dhe t\u00eb vazhdojm\u00eb me frymen pozitive t\u00eb Forumit, n\u00eb t\u00eb cilin tashm\u00eb kam marr\u00eb premtime q\u00eb do t\u00eb p\u00ebrkrahet Adademia Diplomatike nga disa prej institucionve homologe.<\/p>\n","protected":false},"excerpt":{"rendered":"<p>Serbia ka d\u00ebshtuar ta p\u00ebrjashtoj\u00eb Kosov\u00ebn nga Forumi Nd\u00ebrkomb\u00ebtar p\u00ebr Trajnimet Diplomatike. K\u00ebt\u00eb e ka b\u00ebr\u00eb t\u00eb ditur p\u00ebrmes nj\u00eb postimi n\u00eb Facebook, Fatmir Haxholli q\u00eb \u00ebsht\u00eb drejtor i p\u00ebrgjithsh\u00ebm i k\u00ebsaj Akademie. \u201dDrejtoresha e Akademis\u00eb Diplomatike t\u00eb Serbis\u00eb, Mirjana Milosavljevic, n\u00eb tentativ\u00ebn e d\u00ebshtuar p\u00ebr sfidimin e pjes\u00ebmarrjes s\u00eb Akademis\u00eb s\u00eb Republik\u00ebs s\u00eb Kosov\u00ebs, [&hellip;]<\/p>\n","protected":false},"author":2013,"featured_media":107831,"comment_status":"open","ping_status":"closed","sticky":false,"template":"","format":"standard","meta":{"footnotes":""},"categories":[241,2],"tags":[],"class_list":{"0":"post-107830","1":"post","2":"type-post","3":"status-publish","4":"format-standard","5":"has-post-thumbnail","7":"category-aktualitet","8":"category-rajoni"},"_links":{"self":[{"href":"https:\/\/zjarr.tv\/sq\/wp-json\/wp\/v2\/posts\/107830","targetHints":{"allow":["GET"]}}],"collection":[{"href":"https:\/\/zjarr.tv\/sq\/wp-json\/wp\/v2\/posts"}],"about":[{"href":"https:\/\/zjarr.tv\/sq\/wp-json\/wp\/v2\/types\/post"}],"author":[{"embeddable":true,"href":"https:\/\/zjarr.tv\/sq\/wp-json\/wp\/v2\/users\/2013"}],"replies":[{"embeddable":true,"href":"https:\/\/zjarr.tv\/sq\/wp-json\/wp\/v2\/comments?post=107830"}],"version-history":[{"count":0,"href":"https:\/\/zjarr.tv\/sq\/wp-json\/wp\/v2\/posts\/107830\/revisions"}],"wp:featuredmedia":[{"embeddable":true,"href":"https:\/\/zjarr.tv\/sq\/wp-json\/wp\/v2\/media\/107831"}],"wp:attachment":[{"href":"https:\/\/zjarr.tv\/sq\/wp-json\/wp\/v2\/media?parent=107830"}],"wp:term":[{"taxonomy":"category","embeddable":true,"href":"https:\/\/zjarr.tv\/sq\/wp-json\/wp\/v2\/categories?post=107830"},{"taxonomy":"post_tag","embeddable":true,"href":"https:\/\/zjarr.tv\/sq\/wp-json\/wp\/v2\/tags?post=107830"}],"curies":[{"name":"wp","href":"https:\/\/api.w.org\/{rel}","templated":true}]}}