{"id":107842,"date":"2019-09-19T19:30:28","date_gmt":"2019-09-19T17:30:28","guid":{"rendered":"https:\/\/zjarr.tv\/?p=107842"},"modified":"2019-09-19T16:00:58","modified_gmt":"2019-09-19T14:00:58","slug":"partia-e-renzit-nje-problem-serioz-per-qeverine-e-re-italiane","status":"publish","type":"post","link":"https:\/\/zjarr.tv\/sq\/partia-e-renzit-nje-problem-serioz-per-qeverine-e-re-italiane\/","title":{"rendered":"Partia e Renzit nj\u00eb problem serioz p\u00ebr qeverin\u00eb e re italiane"},"content":{"rendered":"<p>&#8220;Italia Viva&#8221;, Partia e sapo krijuar nga ish-kryeministri Matteo Renzi mund t\u00eb jet\u00eb nj\u00eb problem serioz p\u00ebr qeverin\u00eb e re italiane t\u00eb koalicionit 5 Yje- PD.<\/p>\n<p>&#8220;Italia Viva&#8221; e cila i ka rr\u00ebmbyer Partis\u00eb Demokratike e Forza Italias rreth 46 parlamentar\u00eb; 26 deputet\u00eb e 15 senator\u00eb mund t\u00eb prish\u00eb ekuilibrin e mazhoranc\u00ebs n\u00eb dy dhomat e parlamentit por dhe mund t\u00eb imponoj q\u00ebndrimin e saj n\u00eb temat e programit t\u00eb qeveris\u00eb s\u00eb re.<\/p>\n<p>Z\u00ebrat e korridoreve n\u00eb Palazzo Chiggi, p\u00ebrcjellin preokupimin e kryeministrit Conte p\u00ebr munges\u00ebn e transparenc\u00ebs n\u00eb operacionin politik t\u00eb ndarjes nga Partia Demokratike t\u00eb rrym\u00ebs renziane. Kryeministri italian do t\u00eb kishte preferuar q\u00eb kjo t\u00eb ndodhte para formimit t\u00eb qeveris\u00eb. Fakt q\u00eb do t\u00eb linj\u00ebzonte nj\u00eb proces ndryshe n\u00eb krijimin e ekzekutivit t\u00eb ri.<\/p>\n<p>Preokupimi p\u00ebr \u00a0t\u00eb ardhmen e qeveris\u00eb italiane shfaqet dhe nga rezultatet e sondazheve politik. Sipas sondazhit t\u00eb realizuar nga IPR marketing i Antonio Notos vet\u00ebm 2 dit\u00eb pas krijimit t\u00eb Italia Viva, kjo forc\u00eb politike p\u00ebrkrahet nga 5% e elektoratit italian, nd\u00ebrsa sipas sondazhit t\u00eb Institutit IXE rreth 35% e italian\u00ebve mendojn\u00eb se krijimi i partis\u00eb s\u00eb Renzit do t\u00eb dob\u00ebsoj qeverin\u00eb Conte 2.<\/p>\n<p>Dhe pse Matteo Renzi n\u00eb intervistat mediatike ka deklaruar se Partia e tij nuk do t\u00eb sjell probleme p\u00ebr qeverin\u00eb, forcat aleate qeveris\u00ebs nuk jan\u00eb t\u00eb qeta.<\/p>\n<p>Tashm\u00eb n\u00eb koalicion nuk b\u00ebjn\u00eb pjes\u00eb vet\u00ebm 5 Yjet e Partia Demokratike por dhe \u00a0&#8220;Italia Viva&#8221; . E jan\u00eb tre lider politik; Zingaretti (PD), Di Maio (5 Yje) e Renzi (Italia Viva) q\u00eb \u00a0kan\u00eb preferencat e tyre politike n\u00eb programin qeveris\u00ebs. Gur prove do t\u00eb jet\u00eb aprovimi i reform\u00ebs s\u00eb pensioneve e ligji i bilancit.<\/p>\n<p>N\u00eb fjal\u00ebn e tij n\u00eb dit\u00ebn e vot\u00ebbesimit \u00ebn parlament, kryeministri Giuseppe Conte premtoj shkurtimin e taksave p\u00ebr punonj\u00ebsit si prioritet i par\u00eb i qeveris\u00eb s\u00eb tij. Nd\u00ebrsa p\u00ebr Matteo Renzin, gabimi i s\u00eb majt\u00ebs italiane \u00ebsht\u00eb se sulmon t\u00eb pasurit n\u00eb vend q\u00eb t\u00eb luftoj kund\u00ebr varf\u00ebris\u00eb.<\/p>\n<p>Preokupim p\u00ebr k\u00ebt\u00eb risi t\u00eb re n\u00eb panoram\u00ebn e politik\u00ebs italiane shfaqin dhe lider\u00ebt e forcave t\u00eb tjera politike. Krye i L\u00ebvizjes 5 Yje Luigi Di Maio gjat\u00eb nj\u00eb takimi parlament\u00ebrt e tij u shpreh se gjat\u00eb n\u00ebj telefonate me Matteo Renzin i ka k\u00ebrkuar t\u00eb mos krijij tensione sic b\u00ebnte dikur &#8220;Matteo tjet\u00ebr&#8221; (Salvini).<\/p>\n<p>Nd\u00ebrsa lideri i Forza Italias, Silvio Berlusconi sjfaqet i qet\u00eb e n\u00eb nj\u00eb dalje publik i ka uruar Matteo Renzit \u00a0sa m\u00eb shum\u00eb fat n\u00eb k\u00ebt\u00eb projekt t\u00eb ri politik.<\/p>\n","protected":false},"excerpt":{"rendered":"<p>&#8220;Italia Viva&#8221;, Partia e sapo krijuar nga ish-kryeministri Matteo Renzi mund t\u00eb jet\u00eb nj\u00eb problem serioz p\u00ebr qeverin\u00eb e re italiane t\u00eb koalicionit 5 Yje- PD. &#8220;Italia Viva&#8221; e cila i ka rr\u00ebmbyer Partis\u00eb Demokratike e Forza Italias rreth 46 parlamentar\u00eb; 26 deputet\u00eb e 15 senator\u00eb mund t\u00eb prish\u00eb ekuilibrin e mazhoranc\u00ebs n\u00eb dy dhomat [&hellip;]<\/p>\n","protected":false},"author":2013,"featured_media":107843,"comment_status":"open","ping_status":"closed","sticky":false,"template":"","format":"standard","meta":{"footnotes":""},"categories":[241,191],"tags":[],"class_list":{"0":"post-107842","1":"post","2":"type-post","3":"status-publish","4":"format-standard","5":"has-post-thumbnail","7":"category-aktualitet","8":"category-bota"},"_links":{"self":[{"href":"https:\/\/zjarr.tv\/sq\/wp-json\/wp\/v2\/posts\/107842","targetHints":{"allow":["GET"]}}],"collection":[{"href":"https:\/\/zjarr.tv\/sq\/wp-json\/wp\/v2\/posts"}],"about":[{"href":"https:\/\/zjarr.tv\/sq\/wp-json\/wp\/v2\/types\/post"}],"author":[{"embeddable":true,"href":"https:\/\/zjarr.tv\/sq\/wp-json\/wp\/v2\/users\/2013"}],"replies":[{"embeddable":true,"href":"https:\/\/zjarr.tv\/sq\/wp-json\/wp\/v2\/comments?post=107842"}],"version-history":[{"count":0,"href":"https:\/\/zjarr.tv\/sq\/wp-json\/wp\/v2\/posts\/107842\/revisions"}],"wp:featuredmedia":[{"embeddable":true,"href":"https:\/\/zjarr.tv\/sq\/wp-json\/wp\/v2\/media\/107843"}],"wp:attachment":[{"href":"https:\/\/zjarr.tv\/sq\/wp-json\/wp\/v2\/media?parent=107842"}],"wp:term":[{"taxonomy":"category","embeddable":true,"href":"https:\/\/zjarr.tv\/sq\/wp-json\/wp\/v2\/categories?post=107842"},{"taxonomy":"post_tag","embeddable":true,"href":"https:\/\/zjarr.tv\/sq\/wp-json\/wp\/v2\/tags?post=107842"}],"curies":[{"name":"wp","href":"https:\/\/api.w.org\/{rel}","templated":true}]}}