{"id":107845,"date":"2019-09-19T19:40:09","date_gmt":"2019-09-19T17:40:09","guid":{"rendered":"https:\/\/zjarr.tv\/?p=107845"},"modified":"2019-09-19T16:06:10","modified_gmt":"2019-09-19T14:06:10","slug":"pompeo-sulmet-ndaj-arabise-saudite-akt-lufte","status":"publish","type":"post","link":"https:\/\/zjarr.tv\/sq\/pompeo-sulmet-ndaj-arabise-saudite-akt-lufte\/","title":{"rendered":"Pompeo: Sulmet ndaj Arabis\u00eb Saudite &#8220;akt lufte&#8221;"},"content":{"rendered":"<p>Shtetet e Bashkuara e kan\u00eb cil\u00ebsuar sulmin e fundjav\u00ebs s\u00eb kaluar ndaj Arabias\u00eb Saudite nj\u00eb akt lufte dhe po mendojn\u00eb nj\u00eb kund\u00ebrp\u00ebrgjigje ndaj Iranit.<\/p>\n<p>N\u00eb takimin me princin saudit, Muhamed Bin Salman, kryediplomati amerikan Mike Pompeo tha t\u00eb m\u00ebrkur\u00ebn se goditja e shtetit eksportues m\u00eb t\u00eb madh t\u00eb naft\u00ebs n\u00eb bot\u00eb ishte e paprecedent\u00eb.<\/p>\n<p><em>&#8220;Saudit\u00ebt u sulmuan n\u00eb tok\u00ebn e tyre,&#8221;<\/em>\u00a0shtoi p\u00ebrfaq\u00ebsuesi i Washingtonit, teksa lajm\u00ebroi formimin e nj\u00eb koalicioni ushtarak me partner\u00eb nga Evropa dhe gadishulli arabik, p\u00ebr t\u00eb luftuar agresor\u00ebt e rajonit.<\/p>\n<p>Ministria saudite e Mbrojtjes paraqiti mbetje nga dron\u00ebt dhe raketat e pashp\u00ebrthyera q\u00eb u p\u00ebrdor\u00ebn t\u00eb shtun\u00ebn ndaj dy rafinerive dhe fushave naft\u00ebmbajt\u00ebse t\u00eb vendit.<\/p>\n<p>Koloneli Turki al-Malki nuk faj\u00ebsoi drejtp\u00ebrdrejt Iranin si pal\u00eb p\u00ebrgjegj\u00ebse, por tha se arm\u00ebt ishin mjaft t\u00eb ngjashme me ato q\u00eb p\u00ebrdor ushtria iraniane.<\/p>\n<p>Rebel\u00ebt hut\u00eb q\u00eb luftojn\u00eb kund\u00ebr saudit\u00ebve n\u00eb Jemen u p\u00ebrgjigj\u00ebn se sulmet i kryen vet\u00eb, pa ndihm\u00ebn e Iranit.<\/p>\n<p>Ata madje k\u00ebrc\u00ebnuan se mund t\u00eb sulmojn\u00eb \u00e7do moment edhe shtete t\u00eb tjera q\u00eb luftojn\u00eb kund\u00ebr tyre n\u00eb Jemen, si\u00e7 jan\u00eb Emiratet e Bashkuara Arabe me qytetet Abu Dabi apo Dubai, n\u00ebse lufta do t\u00eb vijoj\u00eb.<\/p>\n<p>Nd\u00ebrkoh\u00eb presidenti amerikan, Donald Trump, nuk e ka p\u00ebrjashtuar mund\u00ebsin\u00eb e nj\u00eb konflikti luftarak me Iranin, por n\u00eb fillim do t\u00eb konsumoj\u00eb rrug\u00ebt m\u00eb paq\u00ebsore, duke nisur me aplikimin e sanksioneve tejet t\u00eb r\u00ebnda ekonomike n\u00eb 48 or\u00ebt e ardhshme.<\/p>\n","protected":false},"excerpt":{"rendered":"<p>Shtetet e Bashkuara e kan\u00eb cil\u00ebsuar sulmin e fundjav\u00ebs s\u00eb kaluar ndaj Arabias\u00eb Saudite nj\u00eb akt lufte dhe po mendojn\u00eb nj\u00eb kund\u00ebrp\u00ebrgjigje ndaj Iranit. N\u00eb takimin me princin saudit, Muhamed Bin Salman, kryediplomati amerikan Mike Pompeo tha t\u00eb m\u00ebrkur\u00ebn se goditja e shtetit eksportues m\u00eb t\u00eb madh t\u00eb naft\u00ebs n\u00eb bot\u00eb ishte e paprecedent\u00eb. &#8220;Saudit\u00ebt [&hellip;]<\/p>\n","protected":false},"author":2013,"featured_media":107846,"comment_status":"open","ping_status":"closed","sticky":false,"template":"","format":"standard","meta":{"footnotes":""},"categories":[241,191],"tags":[],"class_list":{"0":"post-107845","1":"post","2":"type-post","3":"status-publish","4":"format-standard","5":"has-post-thumbnail","7":"category-aktualitet","8":"category-bota"},"_links":{"self":[{"href":"https:\/\/zjarr.tv\/sq\/wp-json\/wp\/v2\/posts\/107845","targetHints":{"allow":["GET"]}}],"collection":[{"href":"https:\/\/zjarr.tv\/sq\/wp-json\/wp\/v2\/posts"}],"about":[{"href":"https:\/\/zjarr.tv\/sq\/wp-json\/wp\/v2\/types\/post"}],"author":[{"embeddable":true,"href":"https:\/\/zjarr.tv\/sq\/wp-json\/wp\/v2\/users\/2013"}],"replies":[{"embeddable":true,"href":"https:\/\/zjarr.tv\/sq\/wp-json\/wp\/v2\/comments?post=107845"}],"version-history":[{"count":0,"href":"https:\/\/zjarr.tv\/sq\/wp-json\/wp\/v2\/posts\/107845\/revisions"}],"wp:featuredmedia":[{"embeddable":true,"href":"https:\/\/zjarr.tv\/sq\/wp-json\/wp\/v2\/media\/107846"}],"wp:attachment":[{"href":"https:\/\/zjarr.tv\/sq\/wp-json\/wp\/v2\/media?parent=107845"}],"wp:term":[{"taxonomy":"category","embeddable":true,"href":"https:\/\/zjarr.tv\/sq\/wp-json\/wp\/v2\/categories?post=107845"},{"taxonomy":"post_tag","embeddable":true,"href":"https:\/\/zjarr.tv\/sq\/wp-json\/wp\/v2\/tags?post=107845"}],"curies":[{"name":"wp","href":"https:\/\/api.w.org\/{rel}","templated":true}]}}