{"id":107848,"date":"2019-09-19T19:50:50","date_gmt":"2019-09-19T17:50:50","guid":{"rendered":"https:\/\/zjarr.tv\/?p=107848"},"modified":"2019-09-19T16:08:21","modified_gmt":"2019-09-19T14:08:21","slug":"braktisi-kombetaren-e-arisin-basha-drejt-kontinentit-te-larget","status":"publish","type":"post","link":"https:\/\/zjarr.tv\/sq\/braktisi-kombetaren-e-arisin-basha-drejt-kontinentit-te-larget\/","title":{"rendered":"Braktisi komb\u00ebtaren e Arisin, Basha drejt Kontinentit t\u00eb Larg\u00ebt"},"content":{"rendered":"<p>Mesfushori shqiptar, Migjen Basha d\u00ebshiron nj\u00eb sfid\u00eb t\u00eb re n\u00eb karrier\u00ebn e tij. Pas aventur\u00ebs disa vje\u00e7are n\u00eb Europ\u00eb duke luajtur n\u00eb kryesisht n\u00eb Itali e Zvic\u00ebr dhe s\u00eb fundi n\u00eb Greqi, 32-vje\u00e7ari ka vendosur t\u00eb zhvendoset n\u00eb kampionatin australian.<\/p>\n<p>Nd\u00ebrkomb\u00ebtari shqiptar ka mbyllur bash\u00ebkpunimin me ekipin e Arisit t\u00eb Selanikut pas nj\u00eb viti edhe pse ishte n\u00ebn kontrat\u00eb deri n\u00eb qershor t\u00eb 2020 me q\u00ebllim q\u00eb t\u00eb transferohet n\u00eb Kontinentn e Kangur\u00ebve.<\/p>\n<p>Basha \u00ebsht\u00eb pran\u00eb akordit me Melbourne Victory, ekip me t\u00eb cilin koh\u00eb m\u00eb par\u00eb ka luajtur edhe shqiptari tjet\u00ebr, Besart Berisha. Gazetari i &#8220;Sport 24&#8221;, Vasilis Tempelis shkruan se ish-mesfushori i Torinos, pasi gjeti marr\u00ebveshjen me ekipin greke Aris Selanik do t\u00eb transferohet n\u00eb Lig\u00ebn Australiane.<\/p>\n<p>Gjat\u00eb sezonit t\u00eb par\u00eb, futbollisti i lindur n\u00eb Zvic\u00ebr grumbulloi 23 ndeshje n\u00eb t\u00eb gjitha garat, nd\u00ebrsa u nd\u00ebshkua me 6 karton\u00eb t\u00eb verdh\u00eb dhe 1 t\u00eb kuq.<\/p>\n<p>Pak koh\u00eb m\u00eb par\u00eb mesfushori kreativ njoftoi edhe t\u00ebrheqjen nga komb\u00ebtarja e Shqip\u00ebris\u00eb. Basha ka grumbulluar 29 ndeshje me kuqezinjt\u00eb dhe ka luajtur p\u00ebr Shqip\u00ebrin\u00eb n\u00eb Kampionatin Evropian 2016.<\/p>\n<p>Emri i tij u lidh edhe me nj\u00eb kalim tek Tirana dit\u00ebt e fundit, megjithat\u00eb gjith\u00e7ka ka qen\u00eb nj\u00eb spekulim dhe e ardhmja e tij do t\u00eb jet\u00eb n\u00eb Australi me fanell\u00ebn e Melbourne.<\/p>\n","protected":false},"excerpt":{"rendered":"<p>Mesfushori shqiptar, Migjen Basha d\u00ebshiron nj\u00eb sfid\u00eb t\u00eb re n\u00eb karrier\u00ebn e tij. Pas aventur\u00ebs disa vje\u00e7are n\u00eb Europ\u00eb duke luajtur n\u00eb kryesisht n\u00eb Itali e Zvic\u00ebr dhe s\u00eb fundi n\u00eb Greqi, 32-vje\u00e7ari ka vendosur t\u00eb zhvendoset n\u00eb kampionatin australian. Nd\u00ebrkomb\u00ebtari shqiptar ka mbyllur bash\u00ebkpunimin me ekipin e Arisit t\u00eb Selanikut pas nj\u00eb viti edhe [&hellip;]<\/p>\n","protected":false},"author":2013,"featured_media":107849,"comment_status":"open","ping_status":"closed","sticky":false,"template":"","format":"standard","meta":{"footnotes":""},"categories":[241,192],"tags":[],"class_list":{"0":"post-107848","1":"post","2":"type-post","3":"status-publish","4":"format-standard","5":"has-post-thumbnail","7":"category-aktualitet","8":"category-sport"},"_links":{"self":[{"href":"https:\/\/zjarr.tv\/sq\/wp-json\/wp\/v2\/posts\/107848","targetHints":{"allow":["GET"]}}],"collection":[{"href":"https:\/\/zjarr.tv\/sq\/wp-json\/wp\/v2\/posts"}],"about":[{"href":"https:\/\/zjarr.tv\/sq\/wp-json\/wp\/v2\/types\/post"}],"author":[{"embeddable":true,"href":"https:\/\/zjarr.tv\/sq\/wp-json\/wp\/v2\/users\/2013"}],"replies":[{"embeddable":true,"href":"https:\/\/zjarr.tv\/sq\/wp-json\/wp\/v2\/comments?post=107848"}],"version-history":[{"count":0,"href":"https:\/\/zjarr.tv\/sq\/wp-json\/wp\/v2\/posts\/107848\/revisions"}],"wp:featuredmedia":[{"embeddable":true,"href":"https:\/\/zjarr.tv\/sq\/wp-json\/wp\/v2\/media\/107849"}],"wp:attachment":[{"href":"https:\/\/zjarr.tv\/sq\/wp-json\/wp\/v2\/media?parent=107848"}],"wp:term":[{"taxonomy":"category","embeddable":true,"href":"https:\/\/zjarr.tv\/sq\/wp-json\/wp\/v2\/categories?post=107848"},{"taxonomy":"post_tag","embeddable":true,"href":"https:\/\/zjarr.tv\/sq\/wp-json\/wp\/v2\/tags?post=107848"}],"curies":[{"name":"wp","href":"https:\/\/api.w.org\/{rel}","templated":true}]}}