{"id":107880,"date":"2019-09-19T21:10:32","date_gmt":"2019-09-19T19:10:32","guid":{"rendered":"https:\/\/zjarr.tv\/?p=107880"},"modified":"2019-09-19T16:26:38","modified_gmt":"2019-09-19T14:26:38","slug":"renditja-e-fifa-shqiperia-ne-vend-numero-kosova-nuk-ndalet","status":"publish","type":"post","link":"https:\/\/zjarr.tv\/sq\/renditja-e-fifa-shqiperia-ne-vend-numero-kosova-nuk-ndalet\/","title":{"rendered":"Renditja e FIFA, Shqip\u00ebria n\u00eb vend num\u00ebro, Kosova nuk ndalet"},"content":{"rendered":"<p>Fitorja me \u201cpoker\u201d golash p\u00ebrball\u00eb Island\u00ebs mbajti t\u00eb ndezur \u00ebndrr\u00ebn e Shqip\u00ebris\u00eb p\u00ebr t\u00eb siguruar nj\u00eb bilet\u00eb p\u00ebr n\u00eb \u201cEuro2020\u201d por nuk ka pasur asnj\u00eb ndikim n\u00eb renditjen mujore t\u00eb publikuar nga FIFA. Me 1372 pik\u00eb, kuqezinjt\u00eb renditen n\u00eb vendin e 64-\u00ebt, asnj\u00eb ndryshim nga renditja e fundit.<\/p>\n<div id=\"sovrn\" class=\"desktop_ad ad_bottom_space\"><ins><\/p>\n<div id=\"beacon_22603e84af\"><img loading=\"lazy\" decoding=\"async\" src=\"https:\/\/ads.balkanweb.com\/www\/delivery\/lg.php?bannerid=0&amp;campaignid=0&amp;zoneid=426&amp;loc=https%3A%2F%2Fbalkanweb.com%2Ffoto-rendita-e-fifa-shqiperia-ne-vend-numero-kosova-nuk-ndalet%2F&amp;referer=https%3A%2F%2Fbalkanweb.com%2Fkategoria%2Fsport%2F&amp;cb=22603e84af\" alt=\"\" width=\"0\" height=\"0\" \/><\/div>\n<p><\/ins><\/div>\n<figure id=\"attachment_1129679\" class=\"wp-caption alignnone\"><a href=\"https:\/\/balkanweb.com\/wp-content\/uploads\/2019\/09\/SHQIPERIA-600x36.png\" rel=\"lightbox\"><img loading=\"lazy\" decoding=\"async\" class=\"size-large wp-image-1129679\" src=\"https:\/\/balkanweb.com\/wp-content\/uploads\/2019\/09\/SHQIPERIA-600x36.png\" sizes=\"auto, (max-width: 600px) 100vw, 600px\" srcset=\"https:\/\/balkanweb.com\/wp-content\/uploads\/2019\/09\/SHQIPERIA-600x36.png 600w, https:\/\/balkanweb.com\/wp-content\/uploads\/2019\/09\/SHQIPERIA-400x24.png 400w, https:\/\/balkanweb.com\/wp-content\/uploads\/2019\/09\/SHQIPERIA-768x46.png 768w, https:\/\/balkanweb.com\/wp-content\/uploads\/2019\/09\/SHQIPERIA-370x22.png 370w, https:\/\/balkanweb.com\/wp-content\/uploads\/2019\/09\/SHQIPERIA-113x7.png 113w, https:\/\/balkanweb.com\/wp-content\/uploads\/2019\/09\/SHQIPERIA-770x46.png 770w, https:\/\/balkanweb.com\/wp-content\/uploads\/2019\/09\/SHQIPERIA.png 1245w\" alt=\"Shqiperia\" width=\"600\" height=\"36\" \/><\/a><\/figure>\n<p>Ndryshe nga Shqip\u00ebria, ishullor\u00ebt kan\u00eb p\u00ebsuar nj\u00eb r\u00ebnie me 5 pozicione duke u renditur n\u00eb vendin e 41-t\u00eb. Nj\u00eb pozicion ka fituar rivali tjet\u00ebr i Shqip\u00ebris\u00eb n\u00eb Grupin H, Turqia, duke u renditur n\u00eb vendin e 36-t\u00eb. Nj\u00eb pozicion ka fituar dhe Franca duke u renditur n\u00eb vendin e dyt\u00eb.<\/p>\n<div id=\"videoad\"><\/div>\n<div id=\"pa_1x1_psbk_1568903119569\"><\/div>\n<div class=\"galery-slider\">\n<ul class=\"slides\">\n<li class=\"flex-slider-item\" data-thumb-alt=\"\"><a href=\"https:\/\/balkanweb.com\/wp-content\/uploads\/2019\/09\/FIFA-10-VENDET-E-PARA.png\" rel=\"lightbox\"><img decoding=\"async\" draggable=\"false\" src=\"https:\/\/balkanweb.com\/wp-content\/uploads\/2019\/09\/FIFA-10-VENDET-E-PARA.png\" alt=\"foto galeri \" \/><\/a><\/li>\n<li class=\"flex-slider-item\" data-thumb-alt=\"\"><a href=\"https:\/\/balkanweb.com\/wp-content\/uploads\/2019\/09\/ISLANDA.png\" rel=\"lightbox\"><img decoding=\"async\" draggable=\"false\" src=\"https:\/\/balkanweb.com\/wp-content\/uploads\/2019\/09\/ISLANDA.png\" alt=\"foto galeri \" \/><\/a><\/li>\n<li class=\"flex-slider-item flex-active-slide\" data-thumb-alt=\"\"><a href=\"https:\/\/balkanweb.com\/wp-content\/uploads\/2019\/09\/TURQIA.png\" rel=\"lightbox\"><img decoding=\"async\" draggable=\"false\" src=\"https:\/\/balkanweb.com\/wp-content\/uploads\/2019\/09\/TURQIA.png\" alt=\"foto galeri \" \/><\/a><\/li>\n<\/ul>\n<ul class=\"flex-direction-nav\">\n<li class=\"flex-nav-next\"><\/li>\n<\/ul>\n<\/div>\n<p>Nuk ka asnj\u00eb ndryshim p\u00ebr sa i p\u00ebrket kreut i cili vijon t\u00eb jet\u00eb pron\u00eb e Belgjik\u00ebs. Vijon progresin e madh p\u00ebrfaq\u00ebsuesja e Kosov\u00ebs e cila renditet n\u00eb vendin e 119-t\u00eb duke fituar nj\u00eb tjet\u00ebr pozicion.<\/p>\n<div class=\"galery-slider\">\n<ul class=\"slides\">\n<li class=\"flex-slider-item\" data-thumb-alt=\"\"><a href=\"https:\/\/balkanweb.com\/wp-content\/uploads\/2019\/09\/KOSOVA-RENDITJA.png\" rel=\"lightbox\"><img decoding=\"async\" draggable=\"false\" src=\"https:\/\/balkanweb.com\/wp-content\/uploads\/2019\/09\/KOSOVA-RENDITJA.png\" alt=\"foto galeri \" \/><\/a><\/li>\n<li class=\"flex-slider-item flex-active-slide\" data-thumb-alt=\"\"><a href=\"https:\/\/balkanweb.com\/wp-content\/uploads\/2019\/09\/KOSOVA.png\" rel=\"lightbox\"><img decoding=\"async\" draggable=\"false\" src=\"https:\/\/balkanweb.com\/wp-content\/uploads\/2019\/09\/KOSOVA.png\" alt=\"foto galeri \" \/><\/a><\/li>\n<\/ul>\n<\/div>\n<p>Kjo paraqitje e Komb\u00ebtares dardane nuk ka kalua n\u00eb heshtje teksa FIFA ka vendosur t\u00eb publikoj\u00eb lajmin pik\u00ebrisht duke iu referuar rrug\u00ebtimit fantastik t\u00eb Kosov\u00ebs e cila njeh vet\u00ebm rritje n\u00eb renditjen e FIFA-s.<\/p>\n","protected":false},"excerpt":{"rendered":"<p>Fitorja me \u201cpoker\u201d golash p\u00ebrball\u00eb Island\u00ebs mbajti t\u00eb ndezur \u00ebndrr\u00ebn e Shqip\u00ebris\u00eb p\u00ebr t\u00eb siguruar nj\u00eb bilet\u00eb p\u00ebr n\u00eb \u201cEuro2020\u201d por nuk ka pasur asnj\u00eb ndikim n\u00eb renditjen mujore t\u00eb publikuar nga FIFA. Me 1372 pik\u00eb, kuqezinjt\u00eb renditen n\u00eb vendin e 64-\u00ebt, asnj\u00eb ndryshim nga renditja e fundit. Ndryshe nga Shqip\u00ebria, ishullor\u00ebt kan\u00eb p\u00ebsuar nj\u00eb [&hellip;]<\/p>\n","protected":false},"author":2013,"featured_media":0,"comment_status":"open","ping_status":"closed","sticky":false,"template":"","format":"standard","meta":{"footnotes":""},"categories":[241,192],"tags":[],"class_list":{"0":"post-107880","1":"post","2":"type-post","3":"status-publish","4":"format-standard","6":"category-aktualitet","7":"category-sport"},"_links":{"self":[{"href":"https:\/\/zjarr.tv\/sq\/wp-json\/wp\/v2\/posts\/107880","targetHints":{"allow":["GET"]}}],"collection":[{"href":"https:\/\/zjarr.tv\/sq\/wp-json\/wp\/v2\/posts"}],"about":[{"href":"https:\/\/zjarr.tv\/sq\/wp-json\/wp\/v2\/types\/post"}],"author":[{"embeddable":true,"href":"https:\/\/zjarr.tv\/sq\/wp-json\/wp\/v2\/users\/2013"}],"replies":[{"embeddable":true,"href":"https:\/\/zjarr.tv\/sq\/wp-json\/wp\/v2\/comments?post=107880"}],"version-history":[{"count":0,"href":"https:\/\/zjarr.tv\/sq\/wp-json\/wp\/v2\/posts\/107880\/revisions"}],"wp:attachment":[{"href":"https:\/\/zjarr.tv\/sq\/wp-json\/wp\/v2\/media?parent=107880"}],"wp:term":[{"taxonomy":"category","embeddable":true,"href":"https:\/\/zjarr.tv\/sq\/wp-json\/wp\/v2\/categories?post=107880"},{"taxonomy":"post_tag","embeddable":true,"href":"https:\/\/zjarr.tv\/sq\/wp-json\/wp\/v2\/tags?post=107880"}],"curies":[{"name":"wp","href":"https:\/\/api.w.org\/{rel}","templated":true}]}}