{"id":107893,"date":"2019-09-19T21:50:28","date_gmt":"2019-09-19T19:50:28","guid":{"rendered":"https:\/\/zjarr.tv\/?p=107893"},"modified":"2019-09-19T16:36:20","modified_gmt":"2019-09-19T14:36:20","slug":"italia-2000-euro-per-ata-qe-i-cojne-per-skrap-makinat-ndotese","status":"publish","type":"post","link":"https:\/\/zjarr.tv\/sq\/italia-2000-euro-per-ata-qe-i-cojne-per-skrap-makinat-ndotese\/","title":{"rendered":"Italia, 2000 euro p\u00ebr ata q\u00eb i \u00e7ojn\u00eb p\u00ebr skrap, makinat ndot\u00ebse"},"content":{"rendered":"<p>Qeveria italiane po nd\u00ebrmerr nj\u00eb hap t\u00eb\u00a0ri p\u00ebr t\u00eb ndaluar ndotjen e ambientit: Ajo\u00a0po studion nj\u00eb bonus prej dymij\u00eb eurosh p\u00ebr ata q\u00eb e \u00e7ojn\u00eb p\u00ebr skrap,\u00a0makin\u00ebn q\u00eb \u00ebsht\u00eb n\u00eb\u00a0shkelje\u00a0t\u00eb\u00a0rregullave t\u00eb BE-s\u00eb, pasi nuk respekton p\u00ebrcaktimet p\u00ebr cil\u00ebsin\u00eb e\u00a0ajrit.<\/p>\n<p>Masa p\u00ebrmbahet n\u00eb draftin e dekretit p\u00ebr klim\u00ebn q\u00eb mund t\u00eb ekzaminohet tashm\u00eb n\u00eb K\u00ebshillin e Ministrave.<\/p>\n<p>Ata q\u00eb heqin makin\u00ebn e cila mund t\u00eb b\u00ebhet shkak p\u00ebr ndotje do t&#8217;u jepet nj\u00eb bonus prej 2 mij\u00eb eurosh q\u00eb do t\u00eb p\u00ebrdoren brenda pes\u00eb viteve t\u00eb ardhshme p\u00ebr blerjen e abonimeve t\u00eb transportit publik vendor dhe rajonal dhe sh\u00ebrbimeve t\u00eb tjera shtes\u00eb, p\u00ebrfshir\u00eb k\u00ebtu edhe\u00a0l\u00ebvizjen e p\u00ebrbashk\u00ebt me automjete elektrike ose me mjete me emetim zero, gjithashtu n\u00eb favor t\u00eb bashk\u00ebjetes\u00ebs s\u00eb an\u00ebtar\u00ebve t\u00eb familjes Evropiane.<\/p>\n<div id=\"rekl-13\">\n<div id=\"__sap-ad-15\" class=\"__sap-ads __sap-html tracked\" data-title=\"Credins desktop 08\"><ins><\/p>\n<div id=\"beacon_52978fb6fc\"><\/div>\n<p><\/ins><\/div>\n<\/div>\n<p>Stimujt e rinj p\u00ebr rinovimin e makinave jan\u00eb vet\u00ebm nj\u00eb pjes\u00eb e planit t\u00eb programit t\u00eb &#8220;gjelb\u00ebr&#8221; t\u00eb qeveris\u00eb.<\/p>\n<p>Ajo do t\u00eb bazohet n\u00eb investime publike, duke p\u00ebrfshir\u00eb parandalimin sizmik dhe rreziqet hidrogeologjike, n\u00eb subvencione p\u00ebr ato private, p\u00ebr shembull n\u00eb energji t\u00eb rinovueshme, ose rikualifikimin e energjis\u00eb s\u00eb nd\u00ebrtesave, por edhe n\u00eb reduktimin e shpenzime &#8220;t\u00eb d\u00ebmshme&#8221; p\u00ebr mjedisin.<\/p>\n<div class=\"fotogaleri\">\n<div class=\"bx-wrapper\">\n<div class=\"bx-viewport\">\n<ul class=\"read-slider\">\n<li><a href=\"https:\/\/www.syri.net\/uploads\/syri.net\/images\/2019\/September\/19\/WCCOR11_0LMQH27M-k1YH-U31409433846732wD-593x443Corriere-Web-Sezioni1568888305.jpg\" data-lightbox=\"images\"><img decoding=\"async\" src=\"https:\/\/www.syri.net\/uploads\/syri.net\/images\/2019\/September\/19\/auto_WCCOR11_0LMQH27M-k1YH-U31409433846732wD-593x443Corriere-Web-Sezioni1568888305.jpg\" \/><\/a><\/li>\n<\/ul>\n<\/div>\n<\/div>\n<\/div>\n","protected":false},"excerpt":{"rendered":"<p>Qeveria italiane po nd\u00ebrmerr nj\u00eb hap t\u00eb\u00a0ri p\u00ebr t\u00eb ndaluar ndotjen e ambientit: Ajo\u00a0po studion nj\u00eb bonus prej dymij\u00eb eurosh p\u00ebr ata q\u00eb e \u00e7ojn\u00eb p\u00ebr skrap,\u00a0makin\u00ebn q\u00eb \u00ebsht\u00eb n\u00eb\u00a0shkelje\u00a0t\u00eb\u00a0rregullave t\u00eb BE-s\u00eb, pasi nuk respekton p\u00ebrcaktimet p\u00ebr cil\u00ebsin\u00eb e\u00a0ajrit. Masa p\u00ebrmbahet n\u00eb draftin e dekretit p\u00ebr klim\u00ebn q\u00eb mund t\u00eb ekzaminohet tashm\u00eb n\u00eb K\u00ebshillin e [&hellip;]<\/p>\n","protected":false},"author":2013,"featured_media":107894,"comment_status":"open","ping_status":"closed","sticky":false,"template":"","format":"standard","meta":{"footnotes":""},"categories":[241,191],"tags":[],"class_list":{"0":"post-107893","1":"post","2":"type-post","3":"status-publish","4":"format-standard","5":"has-post-thumbnail","7":"category-aktualitet","8":"category-bota"},"_links":{"self":[{"href":"https:\/\/zjarr.tv\/sq\/wp-json\/wp\/v2\/posts\/107893","targetHints":{"allow":["GET"]}}],"collection":[{"href":"https:\/\/zjarr.tv\/sq\/wp-json\/wp\/v2\/posts"}],"about":[{"href":"https:\/\/zjarr.tv\/sq\/wp-json\/wp\/v2\/types\/post"}],"author":[{"embeddable":true,"href":"https:\/\/zjarr.tv\/sq\/wp-json\/wp\/v2\/users\/2013"}],"replies":[{"embeddable":true,"href":"https:\/\/zjarr.tv\/sq\/wp-json\/wp\/v2\/comments?post=107893"}],"version-history":[{"count":0,"href":"https:\/\/zjarr.tv\/sq\/wp-json\/wp\/v2\/posts\/107893\/revisions"}],"wp:featuredmedia":[{"embeddable":true,"href":"https:\/\/zjarr.tv\/sq\/wp-json\/wp\/v2\/media\/107894"}],"wp:attachment":[{"href":"https:\/\/zjarr.tv\/sq\/wp-json\/wp\/v2\/media?parent=107893"}],"wp:term":[{"taxonomy":"category","embeddable":true,"href":"https:\/\/zjarr.tv\/sq\/wp-json\/wp\/v2\/categories?post=107893"},{"taxonomy":"post_tag","embeddable":true,"href":"https:\/\/zjarr.tv\/sq\/wp-json\/wp\/v2\/tags?post=107893"}],"curies":[{"name":"wp","href":"https:\/\/api.w.org\/{rel}","templated":true}]}}