{"id":107901,"date":"2019-09-19T16:40:28","date_gmt":"2019-09-19T14:40:28","guid":{"rendered":"https:\/\/zjarr.tv\/?p=107901"},"modified":"2019-09-19T16:40:28","modified_gmt":"2019-09-19T14:40:28","slug":"cfare-po-ndodh-me-motin-ja-parashikimi-per-oret-ne-vijim","status":"publish","type":"post","link":"https:\/\/zjarr.tv\/sq\/cfare-po-ndodh-me-motin-ja-parashikimi-per-oret-ne-vijim\/","title":{"rendered":"\u00c7far\u00eb po ndodh me motin, ja parashikimi p\u00ebr or\u00ebt n\u00eb vijim"},"content":{"rendered":"<p>Edhe pse paraditja ishte me diell dhe e nxeht\u00eb, mesdita duket se ka sjell\u00eb reshjet e shiut.<\/p>\n<p>Sipas Sh\u00ebrbimit Meteorologjik Ushtarak, shirat kan\u00eb nisur fillimit n\u00eb Shkod\u00ebr dhe Kor\u00e7\u00eb.<\/p>\n<p><strong>M\u00eb posht\u00eb keni parashikimin e motit p\u00ebr or\u00ebt n\u00eb vijim:<\/strong><\/p>\n<div id=\"rekl-13\">\n<div id=\"__sap-ad-15\" class=\"__sap-ads __sap-html tracked\" data-title=\"Credins desktop 08\"><ins><\/p>\n<div id=\"beacon_88b6ec6f0b\"><\/div>\n<p><\/ins><\/div>\n<\/div>\n<p><em>P\u00ebr pjes\u00ebn e par\u00eb t\u00eb dit\u00ebs vendi yn\u00eb \u00ebsht\u00eb ndikuar nga kushte t\u00eb q\u00ebndrueshme atmosferike me mot me kthjellime dhe vran\u00ebsira kalimtare.<\/em><\/p>\n<p><em>Por prej momentit q\u00eb po flasim mbi vendin ton\u00eb po dep\u00ebrtojn\u00eb masa ajrore t\u00eb paq\u00ebndrueshme dhe t\u00eb lag\u00ebshta.<\/em><\/p>\n<p><em>Aktualisht reshjet e shiut kan\u00eb prekur qytetin Shkodr\u00ebs dhe at\u00eb t\u00eb Korc\u00ebs dhe gradualisht do t\u00eb shtrihen n\u00eb t\u00eb gjith\u00eb territorin.<\/em><\/p>\n<p><em>N\u00eb k\u00ebt\u00eb m\u00ebnyr\u00eb vran\u00ebsirat do t\u00eb vijn\u00eb gradualisht n\u00eb shtim deri t\u00eb dendura n\u00eb t\u00eb gjith\u00eb territorin. Vran\u00ebsirat do t\u00eb shoq\u00ebrohen me reshje shiu t\u00eb her\u00ebpashershme me intensitet t\u00eb ul\u00ebt dhe mesatar n\u00eb form\u00ebn e shtr\u00ebngatave dhe stuhive shoq\u00ebruar me shkarkesa elektrike.<\/em><\/p>\n<p><em>Lokalisht pran\u00eb relieveve t\u00eb larta kodrinore dhe ato malore &#8211; n\u00eb koh\u00eb afatshkurt\u00ebr &#8211; reshjet me intensitet deri t\u00eb lart\u00eb n\u00eb form\u00eb rrebeshesh shoq\u00ebruar me bresh\u00ebr. Kjo situat\u00eb do t\u00eb shoq\u00ebrohet edhe me er\u00eb t\u00eb vrullshme gjat\u00eb zhvillimit t\u00eb stuhive.<\/em><\/p>\n<p><em>Reshjet do t\u00eb vazhdojn\u00eb deri n\u00eb or\u00ebt e para t\u00eb dit\u00ebs s\u00eb nes\u00ebrme dhe nj\u00ebkoh\u00ebsisht pritet edhe nj\u00eb r\u00ebnie e temperaturave minimale duke prekur vlerat nga 10\u00baC n\u00eb relievet malore deri n\u00eb 18\u00baC n\u00eb ato t\u00eb ulta dhe ato bregdetare.<\/em><\/p>\n","protected":false},"excerpt":{"rendered":"<p>Edhe pse paraditja ishte me diell dhe e nxeht\u00eb, mesdita duket se ka sjell\u00eb reshjet e shiut. Sipas Sh\u00ebrbimit Meteorologjik Ushtarak, shirat kan\u00eb nisur fillimit n\u00eb Shkod\u00ebr dhe Kor\u00e7\u00eb. M\u00eb posht\u00eb keni parashikimin e motit p\u00ebr or\u00ebt n\u00eb vijim: P\u00ebr pjes\u00ebn e par\u00eb t\u00eb dit\u00ebs vendi yn\u00eb \u00ebsht\u00eb ndikuar nga kushte t\u00eb q\u00ebndrueshme atmosferike me [&hellip;]<\/p>\n","protected":false},"author":2013,"featured_media":107044,"comment_status":"open","ping_status":"closed","sticky":false,"template":"","format":"standard","meta":{"footnotes":""},"categories":[241,235],"tags":[],"class_list":{"0":"post-107901","1":"post","2":"type-post","3":"status-publish","4":"format-standard","5":"has-post-thumbnail","7":"category-aktualitet","8":"category-vendi"},"_links":{"self":[{"href":"https:\/\/zjarr.tv\/sq\/wp-json\/wp\/v2\/posts\/107901","targetHints":{"allow":["GET"]}}],"collection":[{"href":"https:\/\/zjarr.tv\/sq\/wp-json\/wp\/v2\/posts"}],"about":[{"href":"https:\/\/zjarr.tv\/sq\/wp-json\/wp\/v2\/types\/post"}],"author":[{"embeddable":true,"href":"https:\/\/zjarr.tv\/sq\/wp-json\/wp\/v2\/users\/2013"}],"replies":[{"embeddable":true,"href":"https:\/\/zjarr.tv\/sq\/wp-json\/wp\/v2\/comments?post=107901"}],"version-history":[{"count":0,"href":"https:\/\/zjarr.tv\/sq\/wp-json\/wp\/v2\/posts\/107901\/revisions"}],"wp:featuredmedia":[{"embeddable":true,"href":"https:\/\/zjarr.tv\/sq\/wp-json\/wp\/v2\/media\/107044"}],"wp:attachment":[{"href":"https:\/\/zjarr.tv\/sq\/wp-json\/wp\/v2\/media?parent=107901"}],"wp:term":[{"taxonomy":"category","embeddable":true,"href":"https:\/\/zjarr.tv\/sq\/wp-json\/wp\/v2\/categories?post=107901"},{"taxonomy":"post_tag","embeddable":true,"href":"https:\/\/zjarr.tv\/sq\/wp-json\/wp\/v2\/tags?post=107901"}],"curies":[{"name":"wp","href":"https:\/\/api.w.org\/{rel}","templated":true}]}}