{"id":107919,"date":"2019-09-20T11:21:11","date_gmt":"2019-09-20T09:21:11","guid":{"rendered":"https:\/\/zjarr.tv\/?p=107919"},"modified":"2019-09-20T11:21:11","modified_gmt":"2019-09-20T09:21:11","slug":"denimi-i-saimir-tahirit-mediet-nderkombetare-dikur-ishte-bashkepunetori-me-i-afert-i-rames","status":"publish","type":"post","link":"https:\/\/zjarr.tv\/sq\/denimi-i-saimir-tahirit-mediet-nderkombetare-dikur-ishte-bashkepunetori-me-i-afert-i-rames\/","title":{"rendered":"D\u00ebnimi i Saimir Tahirit, mediet nd\u00ebrkomb\u00ebtare: Dikur ishte bashk\u00ebpun\u00ebtori m\u00eb i af\u00ebrt i Ram\u00ebs"},"content":{"rendered":"<p>Gjyqi maraton\u00eb ndaj ish-ministrit t\u00eb Brendsh\u00ebm, Saimir Tahiri, \u00ebsht\u00eb ndjekur me v\u00ebmendje t\u00eb madhe jo vet\u00ebm brenda Shqip\u00ebris\u00eb, por edhe nga nd\u00ebrkomb\u00ebtar\u00ebt.<\/p>\n<p>P\u00ebrve\u00e7 p\u00ebrfaq\u00ebsuesve t\u00eb ambasadave t\u00eb huaja, procesi \u00ebsht\u00eb ndjekur edhe nga gazetar\u00eb t\u00eb huaj, t\u00eb cil\u00ebt e kan\u00eb pasqyruar n\u00eb mediet nd\u00ebrkomb\u00ebtare, si dhe vendimi i Gjykat\u00ebs s\u00eb Krimeve t\u00eb R\u00ebnda p\u00ebr ta shpallur fajtor ish-ministrin p\u00ebr shp\u00ebrdorim detyre. Agjencia nd\u00ebrkomb\u00ebtare e lajmeve \u201cReuters\u201d i kushton nj\u00eb artikull Saimir Tahirit, duke u hapur me titullin \u201cIsh-ministri shqiptar i past\u00ebr p\u00ebr akuzat e drog\u00ebs, fajtor p\u00ebr shp\u00ebrdorim detyre\u201d.<\/p>\n<p>M\u00eb tej, n\u00eb shkrim agjencia prestigjioze shkruan se \u201cNj\u00eb gjykat\u00eb shqiptare e shpalli fajtor ish-ministrin e brendsh\u00ebm Saimir Tahiri t\u00eb enjten p\u00ebr shp\u00ebrdorim detyre por t\u00eb pafajsh\u00ebm p\u00ebr trafik droge, dhe e d\u00ebnoi at\u00eb me tre vjet sh\u00ebrbim prov\u00eb\u201d.<\/p>\n<p><strong>M\u00eb tej, shkrimi i \u201cReuters\u201d vijon si m\u00eb posht\u00eb:<\/strong><br \/>\nProkuror\u00ebt donin q\u00eb Tahiri, dikur nj\u00eb nga bashk\u00ebpun\u00ebtor\u00ebt m\u00eb t\u00eb af\u00ebrt t\u00eb kryeministrit Edi Rama, t\u00eb burgosej p\u00ebr 12 vjet me akuz\u00ebn e korrupsionit, trafikut t\u00eb drog\u00ebs dhe t\u00eb qenurit pjes\u00eb e nj\u00eb grupi kriminal, nj\u00eb rast q\u00eb ka tronditur administrat\u00ebn e majt\u00eb.<\/p>\n<p>Vendimi vjen nj\u00eb muaj para se vendet an\u00ebtare t\u00eb Bashkimit Evropian, t\u00eb interesuar t\u00eb shohin Tiran\u00ebn t\u00eb rris\u00eb luft\u00ebn e saj kund\u00ebr korrupsionit, t\u00eb takohen p\u00ebr t\u00eb vendosur n\u00ebse do t\u00eb mb\u00ebshtesin ofert\u00ebn e Shqip\u00ebris\u00eb p\u00ebr t\u00eb filluar bisedimet e pranimit t\u00eb rekomanduara nga Komisioni i BE.<\/p>\n<p>\u201cGjykata tha q\u00eb nuk jam kriminel apo trafikant droge dhe nuk jam pjes\u00eb e nj\u00eb grupi kriminal, por m\u00eb shpalli fajtor p\u00ebr shp\u00ebrdorim detyre sepse kam p\u00ebrdorur t\u00eb nj\u00ebjt\u00ebn makin\u00eb me disa kush\u00ebrinj\u201d, u tha Tahiri gazetar\u00ebve pas verdiktit, e cila u dha gjasht\u00eb or\u00eb m\u00eb von\u00eb se sa ishte planifikuar.<\/p>\n<p>Socialist\u00ebt n\u00eb pushtet hodh\u00ebn posht\u00eb thirrjet p\u00ebr t\u00eb hequr imunitetin e Tahirit nga ndjekja penale vitin e kaluar, por ai hoqi dor\u00eb vet\u00eb nga imuniteti n\u00eb muajin maj, pasi BE k\u00ebrkoi nga Tirana q\u00eb t\u00eb luftonte seriozisht korrupsionin, n\u00ebse d\u00ebshironte t\u00eb bashkohej.<\/p>\n<p>Aktualisht, Shqip\u00ebria po verifikon gjyqtar\u00ebt dhe prokuror\u00ebt e saj p\u00ebr korrupsionin p\u00ebr t\u2019i dh\u00ebn\u00eb fund nj\u00eb historie t\u00eb pand\u00ebshkueshm\u00ebris\u00eb p\u00ebr zyrtar\u00ebt e lart\u00eb, pasi synon t\u00eb plot\u00ebsoj\u00eb k\u00ebrkesat e hyrjes n\u00eb BE.<\/p>\n<p>Nd\u00ebrkoh\u00eb, vendimi p\u00ebr Saimir Tahirin ka t\u00ebrhequr v\u00ebmendjen edhe t\u00eb medieve t\u00eb tjera bot\u00ebrore, disa prej t\u00eb cilave po i sjellim shkurtimisht m\u00eb posht\u00eb:<\/p>\n<p><b>Ansa:\u00a0<\/b>\u201cIsh-minister ne kabinetin e kryeministrit socialist t\u00eb Edi Ram\u00ebs, n\u00eb detyr\u00eb deri n\u00eb marsin e kaluar 2017, Tahiri p\u00ebrfundoi n\u00eb gjyq pas hetimeve t\u00eb kryera n\u00eb Itali, hetime q\u00eb \u00e7uan, n\u00eb tetor t\u00eb po k\u00ebtij viti, n\u00eb shkaterrimin e nj\u00eb organizat\u00eb kriminale e p\u00ebrb\u00ebr\u00eb nga italian\u00eb dhe shqiptar\u00eb, disa t\u00eb af\u00ebrm t\u00eb ish-ministrit, qe merreshin me trafikimin nd\u00ebrkomb\u00ebtar t\u00eb drog\u00ebs dhe arm\u00ebve.\u00a0Tahiri tashm\u00eb ka njoftuar se do t\u00eb apeloj\u00eb vendimin\u201d.<\/p>\n<p><b>Euronews:<\/b>\u00a0\u201cLigjv\u00ebn\u00ebsit socialist\u00eb n\u00eb pushtet refuzuan thirrjet p\u00ebr t\u00eb hequr imunitetin e Saimir Tahirit vitin e kaluar dhe per tja dorezuar drejtesise, por ai hoqi dor\u00eb vet\u00eb nga mandati i deputetit n\u00eb muajin maj pasi shtetet e BE k\u00ebrkuan nga Tirana q\u00eb t\u00eb luftonte seriozisht korrupsionin n\u00ebse d\u00ebshironte t\u00eb an\u00ebtar\u00ebsohej ne BE.<\/p>\n<p>Nj\u00eb nga yjet n\u00eb ngjitje t\u00eb Partis\u00eb Socialiste kur u em\u00ebrua minist\u00ebr i Brendsh\u00ebm n\u00eb vitin 2013, kur ishte vet\u00ebm 34 vje\u00e7, Tahiri filloi modernizimin e forc\u00ebs policore dhe i dha fund prodhimit n\u00eb shkall\u00eb industriale t\u00eb kanabisit n\u00eb Lazarat n\u00eb fillim t\u00eb vitit 2014.<\/p>\n<p>Sidoqoft\u00eb, kanabisi m\u00eb pas u p\u00ebrhap n\u00eb t\u00eb gjith\u00eb vendet e Ballkanit dhe trafikant\u00ebt kan\u00eb zbarkuar ngarkesa deri n\u00eb nj\u00eb ton n\u00eb Itali\u201d.<\/p>\n<p><b>BalkanInsight:\u00a0<\/b>\u201cGjykata i jep ish-ministrit t\u00eb Brendsh\u00ebm nj\u00eb d\u00ebnim me burg t\u00eb pezulluar p\u00ebr shp\u00ebrdorim detyre, por e konsideron at\u00eb jo fajtor p\u00ebr akuzat m\u00eb t\u00eb r\u00ebnda p\u00ebr trafik droge, n\u00eb nj\u00eb aktgjykim q\u00eb partia kryesore e opozit\u00ebs e quajti \u201ct\u00eb turpshem\u201d.<\/p>\n<div id=\"sovrn\" class=\"desktop_ad ad_bottom_space\"><ins><\/p>\n<div id=\"beacon_3c87568c3a\"><img loading=\"lazy\" decoding=\"async\" src=\"https:\/\/ads.balkanweb.com\/www\/delivery\/lg.php?bannerid=0&amp;campaignid=0&amp;zoneid=426&amp;loc=https%3A%2F%2Fbalkanweb.com%2Fdenimi-i-saimir-tahirit-mediet-nderkombetare-dikur-ishte-bashkepunetori-me-i-afert-i-rames%2F&amp;referer=https%3A%2F%2Fbalkanweb.com%2F&amp;cb=3c87568c3a\" alt=\"\" width=\"0\" height=\"0\" \/><\/div>\n<p><\/ins><\/div>\n","protected":false},"excerpt":{"rendered":"<p>Gjyqi maraton\u00eb ndaj ish-ministrit t\u00eb Brendsh\u00ebm, Saimir Tahiri, \u00ebsht\u00eb ndjekur me v\u00ebmendje t\u00eb madhe jo vet\u00ebm brenda Shqip\u00ebris\u00eb, por edhe nga nd\u00ebrkomb\u00ebtar\u00ebt. P\u00ebrve\u00e7 p\u00ebrfaq\u00ebsuesve t\u00eb ambasadave t\u00eb huaja, procesi \u00ebsht\u00eb ndjekur edhe nga gazetar\u00eb t\u00eb huaj, t\u00eb cil\u00ebt e kan\u00eb pasqyruar n\u00eb mediet nd\u00ebrkomb\u00ebtare, si dhe vendimi i Gjykat\u00ebs s\u00eb Krimeve t\u00eb R\u00ebnda p\u00ebr ta [&hellip;]<\/p>\n","protected":false},"author":4,"featured_media":62267,"comment_status":"open","ping_status":"closed","sticky":false,"template":"","format":"standard","meta":{"footnotes":""},"categories":[241,231,235],"tags":[],"class_list":{"0":"post-107919","1":"post","2":"type-post","3":"status-publish","4":"format-standard","5":"has-post-thumbnail","7":"category-aktualitet","8":"category-lajme","9":"category-vendi"},"_links":{"self":[{"href":"https:\/\/zjarr.tv\/sq\/wp-json\/wp\/v2\/posts\/107919","targetHints":{"allow":["GET"]}}],"collection":[{"href":"https:\/\/zjarr.tv\/sq\/wp-json\/wp\/v2\/posts"}],"about":[{"href":"https:\/\/zjarr.tv\/sq\/wp-json\/wp\/v2\/types\/post"}],"author":[{"embeddable":true,"href":"https:\/\/zjarr.tv\/sq\/wp-json\/wp\/v2\/users\/4"}],"replies":[{"embeddable":true,"href":"https:\/\/zjarr.tv\/sq\/wp-json\/wp\/v2\/comments?post=107919"}],"version-history":[{"count":0,"href":"https:\/\/zjarr.tv\/sq\/wp-json\/wp\/v2\/posts\/107919\/revisions"}],"wp:featuredmedia":[{"embeddable":true,"href":"https:\/\/zjarr.tv\/sq\/wp-json\/wp\/v2\/media\/62267"}],"wp:attachment":[{"href":"https:\/\/zjarr.tv\/sq\/wp-json\/wp\/v2\/media?parent=107919"}],"wp:term":[{"taxonomy":"category","embeddable":true,"href":"https:\/\/zjarr.tv\/sq\/wp-json\/wp\/v2\/categories?post=107919"},{"taxonomy":"post_tag","embeddable":true,"href":"https:\/\/zjarr.tv\/sq\/wp-json\/wp\/v2\/tags?post=107919"}],"curies":[{"name":"wp","href":"https:\/\/api.w.org\/{rel}","templated":true}]}}