{"id":108172,"date":"2019-09-21T14:00:31","date_gmt":"2019-09-21T12:00:31","guid":{"rendered":"https:\/\/zjarr.tv\/?p=108172"},"modified":"2019-09-21T14:00:31","modified_gmt":"2019-09-21T12:00:31","slug":"shantazh-nxenesve-te-varfer-te-paguajne-lyerjen-e-shkolles-reagon-berisha-takse-e-re","status":"publish","type":"post","link":"https:\/\/zjarr.tv\/sq\/shantazh-nxenesve-te-varfer-te-paguajne-lyerjen-e-shkolles-reagon-berisha-takse-e-re\/","title":{"rendered":"Shantazh nx\u00ebn\u00ebsve t\u00eb varf\u00ebr t\u00eb paguajn\u00eb lyerjen e shkoll\u00ebs, reagon Berisha: Taks\u00eb e re!"},"content":{"rendered":"<p>Ish-kryeministri Sali Berisha ka denoncuar sot, \u201ctaks\u00ebn\u201d e re q\u00eb po detyrohen t\u00eb paguajn\u00eb prind\u00ebrit q\u00eb kan\u00eb d\u00ebrguar f\u00ebmij\u00ebt n\u00eb shkoll\u00eb:\u00a0 pages\u00ebn p\u00ebr rojet, pastrueset, bojaxhinjt\u00eb&#8230; Alarmin e ka ngritur nj\u00eb familje e varf\u00ebr nga ish-K\u00ebneta n\u00eb Durr\u00ebs, q\u00eb ka tre f\u00ebmij\u00eb n\u00eb shkoll\u00eb e s\u00eb cil\u00ebs i duhet t\u00eb p\u00ebrballet me shantazhin q\u00eb i b\u00ebhet.\u00a0\u00a0\u201c Lexoni denoncimin e prindit dixhita, \u201c fton Berisha n\u00eb vijim.P\u00ebrsh\u00ebndetje, dua t\u00eb b\u00ebhem pjes\u00eb e qytetarit dixhital p\u00ebr nj\u00eb shqet\u00ebsim!<\/p>\n<div id=\"rekl-28\"><\/div>\n<div class=\"in-artile-read-more\">\n<h2><span style=\"font-family: Verdana, Geneva, sans-serif; font-size: 15px; color: #222222;\">Un\u00eb kam dy f\u00ebmij\u00eb n\u00eb shkoll\u00ebn n\u00eb ish-K\u00ebneta Durr\u00ebs, q\u00eb quhet Shkolla e Re. Ka pes\u00eb dit\u00eb q\u00eb ka filluar m\u00ebsimi, u k\u00ebrkojn\u00eb lek\u00eb p\u00ebr roje shkolle, lyerje klase. Ne jemi dy prind\u00ebr me ndihm\u00eb ekonomike me tre f\u00ebmij\u00eb, por si\u00e7 jam un\u00eb jan\u00eb me dhjet\u00ebra t\u00eb tjer\u00eb. Ndoshta jam gabim, por un\u00eb mendoj q\u00eb qeveria jep ose vjedh fonde p\u00ebr k\u00ebto. Respekte p\u00ebr ju.<\/span><\/h2>\n<\/div>\n","protected":false},"excerpt":{"rendered":"<p>Ish-kryeministri Sali Berisha ka denoncuar sot, \u201ctaks\u00ebn\u201d e re q\u00eb po detyrohen t\u00eb paguajn\u00eb prind\u00ebrit q\u00eb kan\u00eb d\u00ebrguar f\u00ebmij\u00ebt n\u00eb shkoll\u00eb:\u00a0 pages\u00ebn p\u00ebr rojet, pastrueset, bojaxhinjt\u00eb&#8230; Alarmin e ka ngritur nj\u00eb familje e varf\u00ebr nga ish-K\u00ebneta n\u00eb Durr\u00ebs, q\u00eb ka tre f\u00ebmij\u00eb n\u00eb shkoll\u00eb e s\u00eb cil\u00ebs i duhet t\u00eb p\u00ebrballet me shantazhin q\u00eb i [&hellip;]<\/p>\n","protected":false},"author":2013,"featured_media":61738,"comment_status":"open","ping_status":"closed","sticky":false,"template":"","format":"standard","meta":{"footnotes":""},"categories":[241,235],"tags":[],"class_list":{"0":"post-108172","1":"post","2":"type-post","3":"status-publish","4":"format-standard","5":"has-post-thumbnail","7":"category-aktualitet","8":"category-vendi"},"_links":{"self":[{"href":"https:\/\/zjarr.tv\/sq\/wp-json\/wp\/v2\/posts\/108172","targetHints":{"allow":["GET"]}}],"collection":[{"href":"https:\/\/zjarr.tv\/sq\/wp-json\/wp\/v2\/posts"}],"about":[{"href":"https:\/\/zjarr.tv\/sq\/wp-json\/wp\/v2\/types\/post"}],"author":[{"embeddable":true,"href":"https:\/\/zjarr.tv\/sq\/wp-json\/wp\/v2\/users\/2013"}],"replies":[{"embeddable":true,"href":"https:\/\/zjarr.tv\/sq\/wp-json\/wp\/v2\/comments?post=108172"}],"version-history":[{"count":0,"href":"https:\/\/zjarr.tv\/sq\/wp-json\/wp\/v2\/posts\/108172\/revisions"}],"wp:featuredmedia":[{"embeddable":true,"href":"https:\/\/zjarr.tv\/sq\/wp-json\/wp\/v2\/media\/61738"}],"wp:attachment":[{"href":"https:\/\/zjarr.tv\/sq\/wp-json\/wp\/v2\/media?parent=108172"}],"wp:term":[{"taxonomy":"category","embeddable":true,"href":"https:\/\/zjarr.tv\/sq\/wp-json\/wp\/v2\/categories?post=108172"},{"taxonomy":"post_tag","embeddable":true,"href":"https:\/\/zjarr.tv\/sq\/wp-json\/wp\/v2\/tags?post=108172"}],"curies":[{"name":"wp","href":"https:\/\/api.w.org\/{rel}","templated":true}]}}