{"id":108181,"date":"2019-09-21T14:16:00","date_gmt":"2019-09-21T12:16:00","guid":{"rendered":"https:\/\/zjarr.tv\/?p=108181"},"modified":"2019-09-21T14:16:00","modified_gmt":"2019-09-21T12:16:00","slug":"meta-nuk-ka-udhetuar-asnjehere-me-klasin-i-apo-charter-behen-transparente-udhetimet-e-kreut-te-shtetit","status":"publish","type":"post","link":"https:\/\/zjarr.tv\/sq\/meta-nuk-ka-udhetuar-asnjehere-me-klasin-i-apo-charter-behen-transparente-udhetimet-e-kreut-te-shtetit\/","title":{"rendered":"&#8216;Meta nuk ka udh\u00ebtuar asnj\u00ebher\u00eb me Klasin I apo Charter&#8217;: B\u00ebhen transparente udh\u00ebtimet e kreut t\u00eb shtetit"},"content":{"rendered":"<p>Presidenca ka b\u00ebr\u00eb transparente, qart\u00eb dhe sakt\u00eb sot, deri n\u00eb holl\u00ebsi, p\u00ebr\u00a0shpenzimet e udh\u00ebtimeve jasht\u00eb vendit\u00a0t\u00eb kreut t\u00eb shtetit, Ilir Met\u00ebs, n\u00eb p\u00ebrgjigje t\u00eb interesimit t\u00eb mediave, q\u00eb kishin\u00a0k\u00ebrkuar detaje nga ky institucion.<\/p>\n<p>Presidenca, lidhur me pyetjet\u00a0&#8220;Sa her\u00eb ka l\u00ebvizur Presidenti i Republik\u00ebs, n\u00eb udh\u00ebtime zyrtare jasht\u00eb shtetit p\u00ebr periudh\u00ebn janar 2018 \u2013 qershor 2019 dhe n\u00eb cilat destinacione? Sa udh\u00ebtime ka kryer me avion dhe n\u00eb \u00e7far\u00eb klasi? Sa ka qen\u00eb kostoja e secilit prej udh\u00ebtimeve, bileta, akomodim, dieta? Sa kan\u00eb qen\u00eb gjat\u00eb k\u00ebsaj periudhe, z\u00ebri n\u00eb buxhet p\u00ebr udh\u00ebtime jasht\u00eb vendit?&#8221; sqaroi\u00a0se:<\/p>\n<div id=\"rekl-28\"><\/div>\n<p>Presidenti i Republik\u00ebs Ilir Meta, nga marrja e detyr\u00ebs n\u00eb 24 korrik 2017, deri n\u00eb gusht t\u00eb vitit 2019 ka realizuar\u00a059 vizita shtet\u00ebrore, zyrtare dhe pune jasht\u00eb vendit, nga t\u00eb cilat 36 prej tyre me avion.<\/p>\n<div id=\"rekl-13\">\n<div id=\"__sap-ad-15\" class=\"__sap-ads __sap-html tracked\" data-title=\"Credins desktop 08\"><\/div>\n<\/div>\n<p>Nga 36 udh\u00ebtimet me avion, Presidenti Meta nuk ka udh\u00ebtuar asnj\u00ebher\u00eb me First Class apo Charter.<\/p>\n<p>Presidenti ka udh\u00ebtuar kryesisht me Business Class (26 udh\u00ebtime), por edhe me Economic Class (10 udh\u00ebtime), vlera e t\u00eb cilave n\u00eb vite \u00ebsht\u00eb si m\u00eb posht\u00eb:<\/p>\n<p>P\u00ebr vitin 2017: 7156 euro (bileta avioni)<\/p>\n<p>P\u00ebr vitin 2018: 24384 euro (bileta avioni)<\/p>\n<p>P\u00ebr vitin 2019: 24217 euro (bileta avioni)<\/p>\n<p>Udh\u00ebtimi kryesisht n\u00eb Business Class \u00ebsht\u00eb zgjedhur si mund\u00ebsi p\u00ebr udh\u00ebtim t\u00eb sigurt\u00eb, q\u00eb garanton fleksibilitetin e ndryshimeve t\u00eb itinerareve t\u00eb udh\u00ebtimit p\u00ebr shkak t\u00eb axhend\u00ebs, pa paguar kosto shtes\u00eb, si dhe ka garanci t\u00eb plot\u00eb n\u00eb transferimin e bagazheve.<\/p>\n<p>Gjat\u00eb viteve 2017, 2018 dhe 2019, Presidenti i Republik\u00ebs ka q\u00ebndruar n\u00eb total 141 dit\u00eb jasht\u00eb vendit. Vlera totale e trajtimit financiar me diet\u00eb t\u00eb p\u00ebrfituara p\u00ebr 141 dit\u00ebt e q\u00ebndrimit jasht\u00eb vendit ka qen\u00eb n\u00eb vlerat: 12600 euro dhe 4260 USD.<\/p>\n<p>Trajtimi me diet\u00eb i Presidentit t\u00eb Republik\u00ebs realizohet n\u00eb zbatim t\u00eb Vendimit t\u00eb K\u00ebshillit t\u00eb Ministrave Nr.870, Dat\u00eb 14.12.2011 \u201cP\u00ebr trajtimin financiar t\u00eb punonj\u00ebsve q\u00eb d\u00ebrgohen me sh\u00ebrbim jasht\u00eb vendit\u201d, Lidhja 1. Nga 59 vizita shtet\u00ebrore, zyrtare dhe pune q\u00eb Presidenti i Republik\u00ebs ka realizuar jasht\u00eb vendit, vlera totale e shpenzuar p\u00ebr akomodimin n\u00eb hotel jasht\u00eb vendit nga buxheti i Institucionit t\u00eb Presidentit \u00ebsht\u00eb n\u00eb vler\u00ebn 19322 euro.<\/p>\n<p>Akomodimi n\u00eb hotel realizohet n\u00eb p\u00ebrputhje me Vendimin e K\u00ebshillit t\u00eb Ministrave Nr.870, Dat\u00eb 14.12.2011 \u201cP\u00ebr trajtimin financiar t\u00eb punonj\u00ebsve q\u00eb d\u00ebrgohen me sh\u00ebrbim jasht\u00eb vendit\u201d, pika 9, g\u00ebrma a. Kryesisht rezervimet n\u00eb hotelet jasht\u00eb vendit jan\u00eb realizuar n\u00eb bashk\u00ebpunim me p\u00ebrfaq\u00ebsit\u00eb tona diplomatike jasht\u00eb vendit.<\/p>\n","protected":false},"excerpt":{"rendered":"<p>Presidenca ka b\u00ebr\u00eb transparente, qart\u00eb dhe sakt\u00eb sot, deri n\u00eb holl\u00ebsi, p\u00ebr\u00a0shpenzimet e udh\u00ebtimeve jasht\u00eb vendit\u00a0t\u00eb kreut t\u00eb shtetit, Ilir Met\u00ebs, n\u00eb p\u00ebrgjigje t\u00eb interesimit t\u00eb mediave, q\u00eb kishin\u00a0k\u00ebrkuar detaje nga ky institucion. Presidenca, lidhur me pyetjet\u00a0&#8220;Sa her\u00eb ka l\u00ebvizur Presidenti i Republik\u00ebs, n\u00eb udh\u00ebtime zyrtare jasht\u00eb shtetit p\u00ebr periudh\u00ebn janar 2018 \u2013 qershor 2019 [&hellip;]<\/p>\n","protected":false},"author":2013,"featured_media":64681,"comment_status":"open","ping_status":"closed","sticky":false,"template":"","format":"standard","meta":{"footnotes":""},"categories":[241,235],"tags":[],"class_list":{"0":"post-108181","1":"post","2":"type-post","3":"status-publish","4":"format-standard","5":"has-post-thumbnail","7":"category-aktualitet","8":"category-vendi"},"_links":{"self":[{"href":"https:\/\/zjarr.tv\/sq\/wp-json\/wp\/v2\/posts\/108181","targetHints":{"allow":["GET"]}}],"collection":[{"href":"https:\/\/zjarr.tv\/sq\/wp-json\/wp\/v2\/posts"}],"about":[{"href":"https:\/\/zjarr.tv\/sq\/wp-json\/wp\/v2\/types\/post"}],"author":[{"embeddable":true,"href":"https:\/\/zjarr.tv\/sq\/wp-json\/wp\/v2\/users\/2013"}],"replies":[{"embeddable":true,"href":"https:\/\/zjarr.tv\/sq\/wp-json\/wp\/v2\/comments?post=108181"}],"version-history":[{"count":0,"href":"https:\/\/zjarr.tv\/sq\/wp-json\/wp\/v2\/posts\/108181\/revisions"}],"wp:featuredmedia":[{"embeddable":true,"href":"https:\/\/zjarr.tv\/sq\/wp-json\/wp\/v2\/media\/64681"}],"wp:attachment":[{"href":"https:\/\/zjarr.tv\/sq\/wp-json\/wp\/v2\/media?parent=108181"}],"wp:term":[{"taxonomy":"category","embeddable":true,"href":"https:\/\/zjarr.tv\/sq\/wp-json\/wp\/v2\/categories?post=108181"},{"taxonomy":"post_tag","embeddable":true,"href":"https:\/\/zjarr.tv\/sq\/wp-json\/wp\/v2\/tags?post=108181"}],"curies":[{"name":"wp","href":"https:\/\/api.w.org\/{rel}","templated":true}]}}