{"id":108187,"date":"2019-09-21T14:20:45","date_gmt":"2019-09-21T12:20:45","guid":{"rendered":"https:\/\/zjarr.tv\/?p=108187"},"modified":"2019-09-21T14:20:45","modified_gmt":"2019-09-21T12:20:45","slug":"mosfunksionimi-i-gjykates-se-larte-dhe-kushtetuese-cenon-qytetaret-askush-nuk-mban-pergjegjesi","status":"publish","type":"post","link":"https:\/\/zjarr.tv\/sq\/mosfunksionimi-i-gjykates-se-larte-dhe-kushtetuese-cenon-qytetaret-askush-nuk-mban-pergjegjesi\/","title":{"rendered":"Mosfunksionimi i Gjykat\u00ebs s\u00eb Lart\u00eb dhe Kushtetuese cenon qytetar\u00ebt, askush nuk mban p\u00ebrgjegj\u00ebsi"},"content":{"rendered":"<div class=\"readmore-text-here\">\n<p>T\u00eb drejtat themelore t\u00eb qytetar\u00ebve shqiptar\u00eb p\u00ebr t\u00eb patur nj\u00eb shqyrtim gjyq\u00ebsor brenda nj\u00eb afati t\u00eb arsyesh\u00ebm dhe nga nj\u00eb gjykat\u00eb e caktuar me ligj, po cenohen haptazi nga grumbullimi i \u00e7\u00ebshtjeve t\u00eb mbartura n\u00eb Gjykat\u00ebn e Lart\u00eb, p\u00ebr t\u00eb cilat askush sot nuk mban p\u00ebrgjegj\u00ebsi publike dhe askush nuk mundet t\u2019u thot\u00eb qytetar\u00ebve se kur do t\u00eb p\u00ebrfundoj\u00eb shqyrtimi i tyre.<\/p>\n<p>Sot askush nuk mban p\u00ebrgjegj\u00ebsi publike edhe pse vendi nuk ka ende Gjykat\u00eb Kushtetuese, ku dosjet q\u00eb presin radh\u00ebn p\u00ebr shqyrtim jan\u00eb b\u00ebr\u00eb pirg!<\/p>\n<p>Reforma u b\u00eb p\u00ebr qytetar\u00ebt dhe funksionimi i sistemit t\u00eb drejt\u00ebsis\u00eb duhet t&#8217;i sh\u00ebrbej\u00eb vet\u00ebm qytetar\u00ebve.<\/p>\n<p>Duhen marr\u00eb t\u00eb gjitha masat q\u00eb t\u00eb garantohet sa m\u00eb shpejt p\u00ebr qytetar\u00ebt akses i plot\u00eb n\u00eb t\u00eb gjitha shkall\u00ebt e gjyq\u00ebsorit, dhe brenda nj\u00eb afati t\u00eb arsyesh\u00ebm, si dhe t\u00eb garantohen t\u00eb drejtat dhe lirit\u00eb themelore t\u00eb shtetasve q\u00eb t\u00eb mos c\u00ebnohen nga mosfunksionimi i Gjykat\u00ebs s\u00eb Lart\u00eb.<\/p>\n<p>Ju ftoj t\u00eb lexoni dhe shqet\u00ebsimin e drejt\u00eb q\u00eb ngre p\u00ebr k\u00ebt\u00eb \u00e7\u00ebshtje raporti i INFO\u00c7IP!<\/p>\n<p>&nbsp;<\/p>\n<\/div>\n<div id=\"rekl-33\"><\/div>\n","protected":false},"excerpt":{"rendered":"<p>T\u00eb drejtat themelore t\u00eb qytetar\u00ebve shqiptar\u00eb p\u00ebr t\u00eb patur nj\u00eb shqyrtim gjyq\u00ebsor brenda nj\u00eb afati t\u00eb arsyesh\u00ebm dhe nga nj\u00eb gjykat\u00eb e caktuar me ligj, po cenohen haptazi nga grumbullimi i \u00e7\u00ebshtjeve t\u00eb mbartura n\u00eb Gjykat\u00ebn e Lart\u00eb, p\u00ebr t\u00eb cilat askush sot nuk mban p\u00ebrgjegj\u00ebsi publike dhe askush nuk mundet t\u2019u thot\u00eb qytetar\u00ebve se [&hellip;]<\/p>\n","protected":false},"author":2013,"featured_media":107288,"comment_status":"open","ping_status":"closed","sticky":false,"template":"","format":"standard","meta":{"footnotes":""},"categories":[241,235],"tags":[],"class_list":{"0":"post-108187","1":"post","2":"type-post","3":"status-publish","4":"format-standard","5":"has-post-thumbnail","7":"category-aktualitet","8":"category-vendi"},"_links":{"self":[{"href":"https:\/\/zjarr.tv\/sq\/wp-json\/wp\/v2\/posts\/108187","targetHints":{"allow":["GET"]}}],"collection":[{"href":"https:\/\/zjarr.tv\/sq\/wp-json\/wp\/v2\/posts"}],"about":[{"href":"https:\/\/zjarr.tv\/sq\/wp-json\/wp\/v2\/types\/post"}],"author":[{"embeddable":true,"href":"https:\/\/zjarr.tv\/sq\/wp-json\/wp\/v2\/users\/2013"}],"replies":[{"embeddable":true,"href":"https:\/\/zjarr.tv\/sq\/wp-json\/wp\/v2\/comments?post=108187"}],"version-history":[{"count":0,"href":"https:\/\/zjarr.tv\/sq\/wp-json\/wp\/v2\/posts\/108187\/revisions"}],"wp:featuredmedia":[{"embeddable":true,"href":"https:\/\/zjarr.tv\/sq\/wp-json\/wp\/v2\/media\/107288"}],"wp:attachment":[{"href":"https:\/\/zjarr.tv\/sq\/wp-json\/wp\/v2\/media?parent=108187"}],"wp:term":[{"taxonomy":"category","embeddable":true,"href":"https:\/\/zjarr.tv\/sq\/wp-json\/wp\/v2\/categories?post=108187"},{"taxonomy":"post_tag","embeddable":true,"href":"https:\/\/zjarr.tv\/sq\/wp-json\/wp\/v2\/tags?post=108187"}],"curies":[{"name":"wp","href":"https:\/\/api.w.org\/{rel}","templated":true}]}}