{"id":108195,"date":"2019-09-21T14:24:45","date_gmt":"2019-09-21T12:24:45","guid":{"rendered":"https:\/\/zjarr.tv\/?p=108195"},"modified":"2019-09-21T14:24:45","modified_gmt":"2019-09-21T12:24:45","slug":"vendimi-ndaj-tahirit-manjani-nese-arrestohet-qytetari-nuk-ka-pse-jo-zyrtari","status":"publish","type":"post","link":"https:\/\/zjarr.tv\/sq\/vendimi-ndaj-tahirit-manjani-nese-arrestohet-qytetari-nuk-ka-pse-jo-zyrtari\/","title":{"rendered":"Vendimi ndaj Tahirit, Manjani: N\u00ebse arrestohet qytetari, nuk ka pse jo zyrtari"},"content":{"rendered":"<p>\u201cN\u00ebse arrestohet qytetari, p\u00ebr barazi para ligjit nuk ka p\u00ebrse jo zyrtari. Le t\u00eb jemi t\u00eb barabart\u00eb n\u00eb padrejt\u00ebsi t\u00eb pakt\u00ebn\u201d.<\/p>\n<p>K\u00ebshtu deklaron ish-ministri i Drejt\u00ebsis\u00eb Ylli Manjani duke marr\u00eb shkas nga vendimi i Gjykat\u00ebs s\u00eb Krimeve t\u00eb R\u00ebnda, e cila d\u00ebnoi me 3 vite e 4 muaj sh\u00ebrbim prove ish-ministrin Saimir Tahiri. P\u00ebrmes nj\u00eb postimi n\u00eb \u2018Facebook\u2019 Manjani thekson se kritikat ndaj vendimit vijn\u00eb p\u00ebr shkak t\u00eb ndjesis\u00eb s\u00eb pabarazis\u00eb para ligjit.<\/p>\n<p><strong>MESAZHI I MANJANIT<\/strong><br \/>\nKam iden\u00eb, ndon\u00ebse t\u00eb pa mat\u00ebshme se shumica d\u00ebrrmuese e kritik\u00ebs ndaj vendimit t\u00eb (mos)d\u00ebnimit t\u00eb Sajmirit vjen p\u00ebr shkak t\u00eb ndjesis\u00eb s\u00eb PABARAZIS\u00cb para ligjit.<br \/>\nKjo \u00ebsht\u00eb nj\u00eb gj\u00eb e mir\u00eb, n\u00eb t\u00eb v\u00ebrtet\u00eb. Kur shoq\u00ebria reagon ndaj pabarazis\u00eb shenjat jan\u00eb t\u00eb mira.<br \/>\nTrajtimi i pabarart\u00eb i shtetasve nga drejt\u00ebsia e b\u00ebn k\u00ebt\u00eb t\u00eb fundit t\u00eb padrejt\u00eb, t\u00eb pabesueshme.<br \/>\nDmth protestuesit apo denoncuesit ndaj pushtetit burgosen vet\u00ebm pak minuta pas protest\u00ebs apo denoncimit. Nd\u00ebrsa pushtetari q\u00eb dyshohet p\u00ebr krime t\u00eb r\u00ebnda mbetet i lir\u00eb.<\/p>\n<p>Le pastaj ata q\u00eb jan\u00eb harruar n\u00eb burgje, apo jan\u00eb d\u00ebnuar pa u ballafaquar edhe me nj\u00eb prov\u00eb t\u00eb vetme direkte. Ata jan\u00eb tmerri dhe nj\u00ebkoh\u00ebsisht turpi i drejt\u00ebsis\u00eb son\u00eb.<br \/>\nKy realitet sigurisht k\u00ebrcet! Njer\u00ebzit ndahen praktikisht n\u00eb t\u00eb mbrojtur dhe t\u00eb pa mbrojtur.<br \/>\nKam qen\u00eb dhe mbetem p\u00ebrkrah\u00ebs i drejt\u00ebsis\u00eb q\u00eb nuk burgos njer\u00ebz me dyshime, qytetar\u00eb apo pushtetar\u00eb qofshin! Drejt\u00ebsia q\u00eb nxiton t\u00eb arrestoj\u00eb njer\u00ebz, pa harxhuar fare koh\u00eb t\u00eb provoj\u00eb fajsin\u00eb, \u00ebsht\u00eb e nj\u00ebjt\u00eb me vetgjyqsin\u00eb.<br \/>\nPa dyshim e pa drejt\u00eb!<br \/>\nPor n\u00ebse arrestohet qytetari, p\u00ebr barazi para ligjit nuk ka p\u00ebrse jo zyrtari.<br \/>\nLe t\u00eb jemi t\u00eb barabart\u00eb n\u00eb padrejt\u00ebsi t\u00eb pakt\u00ebn.<br \/>\nK\u00ebt\u00eb thon\u00eb shumica e kritik\u00ebve.<br \/>\nDhe kan\u00eb t\u00eb drejt\u00eb.<\/p>\n","protected":false},"excerpt":{"rendered":"<p>\u201cN\u00ebse arrestohet qytetari, p\u00ebr barazi para ligjit nuk ka p\u00ebrse jo zyrtari. Le t\u00eb jemi t\u00eb barabart\u00eb n\u00eb padrejt\u00ebsi t\u00eb pakt\u00ebn\u201d. K\u00ebshtu deklaron ish-ministri i Drejt\u00ebsis\u00eb Ylli Manjani duke marr\u00eb shkas nga vendimi i Gjykat\u00ebs s\u00eb Krimeve t\u00eb R\u00ebnda, e cila d\u00ebnoi me 3 vite e 4 muaj sh\u00ebrbim prove ish-ministrin Saimir Tahiri. P\u00ebrmes nj\u00eb [&hellip;]<\/p>\n","protected":false},"author":2013,"featured_media":57055,"comment_status":"open","ping_status":"closed","sticky":false,"template":"","format":"standard","meta":{"footnotes":""},"categories":[241,235],"tags":[],"class_list":{"0":"post-108195","1":"post","2":"type-post","3":"status-publish","4":"format-standard","5":"has-post-thumbnail","7":"category-aktualitet","8":"category-vendi"},"_links":{"self":[{"href":"https:\/\/zjarr.tv\/sq\/wp-json\/wp\/v2\/posts\/108195","targetHints":{"allow":["GET"]}}],"collection":[{"href":"https:\/\/zjarr.tv\/sq\/wp-json\/wp\/v2\/posts"}],"about":[{"href":"https:\/\/zjarr.tv\/sq\/wp-json\/wp\/v2\/types\/post"}],"author":[{"embeddable":true,"href":"https:\/\/zjarr.tv\/sq\/wp-json\/wp\/v2\/users\/2013"}],"replies":[{"embeddable":true,"href":"https:\/\/zjarr.tv\/sq\/wp-json\/wp\/v2\/comments?post=108195"}],"version-history":[{"count":0,"href":"https:\/\/zjarr.tv\/sq\/wp-json\/wp\/v2\/posts\/108195\/revisions"}],"wp:featuredmedia":[{"embeddable":true,"href":"https:\/\/zjarr.tv\/sq\/wp-json\/wp\/v2\/media\/57055"}],"wp:attachment":[{"href":"https:\/\/zjarr.tv\/sq\/wp-json\/wp\/v2\/media?parent=108195"}],"wp:term":[{"taxonomy":"category","embeddable":true,"href":"https:\/\/zjarr.tv\/sq\/wp-json\/wp\/v2\/categories?post=108195"},{"taxonomy":"post_tag","embeddable":true,"href":"https:\/\/zjarr.tv\/sq\/wp-json\/wp\/v2\/tags?post=108195"}],"curies":[{"name":"wp","href":"https:\/\/api.w.org\/{rel}","templated":true}]}}