{"id":108196,"date":"2019-09-21T14:28:03","date_gmt":"2019-09-21T12:28:03","guid":{"rendered":"https:\/\/zjarr.tv\/?p=108196"},"modified":"2019-09-21T14:28:03","modified_gmt":"2019-09-21T12:28:03","slug":"xhafaj-pelqeu-qendrimin-e-shba-dhe-ambasades-britanike-tahiri-e-di-ke-kam-rrotull-do-vije-dita-qe","status":"publish","type":"post","link":"https:\/\/zjarr.tv\/sq\/xhafaj-pelqeu-qendrimin-e-shba-dhe-ambasades-britanike-tahiri-e-di-ke-kam-rrotull-do-vije-dita-qe\/","title":{"rendered":"Xhafaj p\u00eblqeu q\u00ebndrimin e SHBA dhe ambasad\u00ebs britanike, Tahiri: E di k\u00eb kam rrotull, do vij\u00eb dita q\u00eb\u2026"},"content":{"rendered":"<p>Saimir Tahiri \u00ebsht\u00eb treguar tejet i matur kur \u00ebsht\u00eb pyetur nga gazetar\u00ebt n\u00eb lidhje me veprimin e djesh\u00ebm t\u00eb b\u00ebr\u00eb nga Fatmir Xhafaj, ish-pasardh\u00ebsi i tij, ku kishte dh\u00ebn\u00eb p\u00eblqim reagimeve t\u00eb Ambasad\u00ebs amerikane dhe asaj britanike p\u00ebr d\u00ebnimin ndaj ish-ministrit t\u00eb Brendsh\u00ebm.<\/p>\n<p>Tahiri tha se do t\u00eb vij\u00eb dita kur ai t\u00eb p\u00ebrgjigjet p\u00ebr k\u00ebto pyetje, nd\u00ebrsa shtoi se e di shum\u00eb mir\u00eb se k\u00eb ka rritull.<\/p>\n<p>\u201cKam p\u00ebrshtypje q\u00eb merret nj\u00eb tjet\u00ebr ekip p\u00ebr like dhe share. S\u2019dua t\u00eb merrem me k\u00ebt\u00eb. S\u2019m\u00eb interesojn\u00eb. Do vij\u00eb dita q\u00eb un\u00eb t\u00eb kem nj\u00eb p\u00ebrgjigje p\u00ebr k\u00ebto tani. Un\u00eb dua t\u00eb kem nj\u00eb p\u00ebrgjigje p\u00ebr t\u00eb v\u00ebrtet\u00ebn time. S\u2019dua t\u00eb b\u00ebj komente q\u00eb mund t\u00eb jen\u00eb t\u00eb parakohsh\u00ebm sot. Un\u00eb e di se k\u00eb kam rrotull\u2026S\u2019jam nga ata q\u00eb se di\u201d, tha Tahiri.<\/p>\n","protected":false},"excerpt":{"rendered":"<p>Saimir Tahiri \u00ebsht\u00eb treguar tejet i matur kur \u00ebsht\u00eb pyetur nga gazetar\u00ebt n\u00eb lidhje me veprimin e djesh\u00ebm t\u00eb b\u00ebr\u00eb nga Fatmir Xhafaj, ish-pasardh\u00ebsi i tij, ku kishte dh\u00ebn\u00eb p\u00eblqim reagimeve t\u00eb Ambasad\u00ebs amerikane dhe asaj britanike p\u00ebr d\u00ebnimin ndaj ish-ministrit t\u00eb Brendsh\u00ebm. Tahiri tha se do t\u00eb vij\u00eb dita kur ai t\u00eb p\u00ebrgjigjet p\u00ebr [&hellip;]<\/p>\n","protected":false},"author":2013,"featured_media":108199,"comment_status":"open","ping_status":"closed","sticky":false,"template":"","format":"standard","meta":{"footnotes":""},"categories":[241,235],"tags":[],"class_list":{"0":"post-108196","1":"post","2":"type-post","3":"status-publish","4":"format-standard","5":"has-post-thumbnail","7":"category-aktualitet","8":"category-vendi"},"_links":{"self":[{"href":"https:\/\/zjarr.tv\/sq\/wp-json\/wp\/v2\/posts\/108196","targetHints":{"allow":["GET"]}}],"collection":[{"href":"https:\/\/zjarr.tv\/sq\/wp-json\/wp\/v2\/posts"}],"about":[{"href":"https:\/\/zjarr.tv\/sq\/wp-json\/wp\/v2\/types\/post"}],"author":[{"embeddable":true,"href":"https:\/\/zjarr.tv\/sq\/wp-json\/wp\/v2\/users\/2013"}],"replies":[{"embeddable":true,"href":"https:\/\/zjarr.tv\/sq\/wp-json\/wp\/v2\/comments?post=108196"}],"version-history":[{"count":0,"href":"https:\/\/zjarr.tv\/sq\/wp-json\/wp\/v2\/posts\/108196\/revisions"}],"wp:featuredmedia":[{"embeddable":true,"href":"https:\/\/zjarr.tv\/sq\/wp-json\/wp\/v2\/media\/108199"}],"wp:attachment":[{"href":"https:\/\/zjarr.tv\/sq\/wp-json\/wp\/v2\/media?parent=108196"}],"wp:term":[{"taxonomy":"category","embeddable":true,"href":"https:\/\/zjarr.tv\/sq\/wp-json\/wp\/v2\/categories?post=108196"},{"taxonomy":"post_tag","embeddable":true,"href":"https:\/\/zjarr.tv\/sq\/wp-json\/wp\/v2\/tags?post=108196"}],"curies":[{"name":"wp","href":"https:\/\/api.w.org\/{rel}","templated":true}]}}