{"id":108198,"date":"2019-09-21T14:28:56","date_gmt":"2019-09-21T12:28:56","guid":{"rendered":"https:\/\/zjarr.tv\/?p=108198"},"modified":"2019-09-21T14:28:56","modified_gmt":"2019-09-21T12:28:56","slug":"vasili-liria-nuk-duket-gjekundi-paqja-eshte-larg","status":"publish","type":"post","link":"https:\/\/zjarr.tv\/sq\/vasili-liria-nuk-duket-gjekundi-paqja-eshte-larg\/","title":{"rendered":"Vasili: Liria nuk duket gj\u00ebkundi, paqja \u00ebsht\u00eb larg"},"content":{"rendered":"<p>N\u00ebnkryetari i LSI-s\u00eb Petrit Vasili n\u00eb kuad\u00ebr t\u00eb dit\u00ebs Nd\u00ebrkomb\u00ebtare t\u00eb Paqes theksoi se n\u00eb Shqip\u00ebri liria nuk duket gj\u00ebkundi.<\/p>\n<div id=\"sovrn\" class=\"desktop_ad ad_bottom_space\"><\/div>\n<p>P\u00ebrmes nj\u00eb postimi n\u00eb \u2018Facebook\u2019 Vasili tha se paqja \u00ebsht\u00eb shum\u00eb larg.<\/p>\n<p><strong>REAGIMI I VASILIT<\/strong><br \/>\nDita e paqes, qe nuk eshte!!<\/p>\n<div id=\"pa_1x1_psbk_1569068914961\"><\/div>\n<p>\u201cNuk mund t\u00eb ndash paqen nga liria sepse askush nuk mund t\u00eb jet\u00eb n\u00eb paqe p\u00ebrderisa nuk ka liri\u201d! Thote Malcolm X<br \/>\nNder ne n\u00eb Shqiperia liria nuk duket gjekund ndaj edhe paqja eshte mjaft larg.<br \/>\nTe luftojme dhe te bejme \u00e7do gje per lirine qe te kemi edhe paqen pa te cilen nuk bejme dot!<\/p>\n","protected":false},"excerpt":{"rendered":"<p>N\u00ebnkryetari i LSI-s\u00eb Petrit Vasili n\u00eb kuad\u00ebr t\u00eb dit\u00ebs Nd\u00ebrkomb\u00ebtare t\u00eb Paqes theksoi se n\u00eb Shqip\u00ebri liria nuk duket gj\u00ebkundi. P\u00ebrmes nj\u00eb postimi n\u00eb \u2018Facebook\u2019 Vasili tha se paqja \u00ebsht\u00eb shum\u00eb larg. REAGIMI I VASILIT Dita e paqes, qe nuk eshte!! \u201cNuk mund t\u00eb ndash paqen nga liria sepse askush nuk mund t\u00eb jet\u00eb n\u00eb [&hellip;]<\/p>\n","protected":false},"author":2013,"featured_media":70162,"comment_status":"open","ping_status":"closed","sticky":false,"template":"","format":"standard","meta":{"footnotes":""},"categories":[241,235],"tags":[],"class_list":{"0":"post-108198","1":"post","2":"type-post","3":"status-publish","4":"format-standard","5":"has-post-thumbnail","7":"category-aktualitet","8":"category-vendi"},"_links":{"self":[{"href":"https:\/\/zjarr.tv\/sq\/wp-json\/wp\/v2\/posts\/108198","targetHints":{"allow":["GET"]}}],"collection":[{"href":"https:\/\/zjarr.tv\/sq\/wp-json\/wp\/v2\/posts"}],"about":[{"href":"https:\/\/zjarr.tv\/sq\/wp-json\/wp\/v2\/types\/post"}],"author":[{"embeddable":true,"href":"https:\/\/zjarr.tv\/sq\/wp-json\/wp\/v2\/users\/2013"}],"replies":[{"embeddable":true,"href":"https:\/\/zjarr.tv\/sq\/wp-json\/wp\/v2\/comments?post=108198"}],"version-history":[{"count":0,"href":"https:\/\/zjarr.tv\/sq\/wp-json\/wp\/v2\/posts\/108198\/revisions"}],"wp:featuredmedia":[{"embeddable":true,"href":"https:\/\/zjarr.tv\/sq\/wp-json\/wp\/v2\/media\/70162"}],"wp:attachment":[{"href":"https:\/\/zjarr.tv\/sq\/wp-json\/wp\/v2\/media?parent=108198"}],"wp:term":[{"taxonomy":"category","embeddable":true,"href":"https:\/\/zjarr.tv\/sq\/wp-json\/wp\/v2\/categories?post=108198"},{"taxonomy":"post_tag","embeddable":true,"href":"https:\/\/zjarr.tv\/sq\/wp-json\/wp\/v2\/tags?post=108198"}],"curies":[{"name":"wp","href":"https:\/\/api.w.org\/{rel}","templated":true}]}}