{"id":108201,"date":"2019-09-21T14:34:59","date_gmt":"2019-09-21T12:34:59","guid":{"rendered":"https:\/\/zjarr.tv\/?p=108201"},"modified":"2019-09-21T14:34:59","modified_gmt":"2019-09-21T12:34:59","slug":"klp-miraton-te-henen-listen-e-kandidateve-per-prokuror-te-pergjithshem","status":"publish","type":"post","link":"https:\/\/zjarr.tv\/sq\/klp-miraton-te-henen-listen-e-kandidateve-per-prokuror-te-pergjithshem\/","title":{"rendered":"KLP miraton t\u00eb h\u00ebn\u00ebn list\u00ebn e kandidat\u00ebve p\u00ebr Prokuror t\u00eb P\u00ebrgjithsh\u00ebm"},"content":{"rendered":"<p>K\u00ebshilli i Lart\u00eb i Prokuroris\u00eb mblidhet t\u00eb h\u00ebn\u00ebn p\u00ebr t\u00eb miratuar list\u00ebn e kandidat\u00ebve p\u00ebr pozicionin e Prokurorit t\u00eb P\u00ebrgjithsh\u00ebm.<\/p>\n<p>Do t\u00eb caktohen cil\u00ebt kandidat\u00eb \u00a0plot\u0451sojn\u0451 kushtet ligjore p\u0451r t\u0451 vazhduar m\u0451 tej gar\u0451n pas vler\u0451simit paraprak.<\/p>\n<p>P\u00ebr t\u00eb marr\u00eb pjes\u00eb n\u00eb k\u00ebt\u00eb mbledhje jan\u00eb t\u00eb ftuar edhe p\u00ebrfaq\u00ebsues nga Ministria e Drejt\u00ebsis\u00eb,EURALIUS , OPDAT si dhe v\u0451zhgues t\u0451 tjer\u0451 t\u0451 akredituar.<\/p>\n","protected":false},"excerpt":{"rendered":"<p>K\u00ebshilli i Lart\u00eb i Prokuroris\u00eb mblidhet t\u00eb h\u00ebn\u00ebn p\u00ebr t\u00eb miratuar list\u00ebn e kandidat\u00ebve p\u00ebr pozicionin e Prokurorit t\u00eb P\u00ebrgjithsh\u00ebm. Do t\u00eb caktohen cil\u00ebt kandidat\u00eb \u00a0plot\u0451sojn\u0451 kushtet ligjore p\u0451r t\u0451 vazhduar m\u0451 tej gar\u0451n pas vler\u0451simit paraprak. P\u00ebr t\u00eb marr\u00eb pjes\u00eb n\u00eb k\u00ebt\u00eb mbledhje jan\u00eb t\u00eb ftuar edhe p\u00ebrfaq\u00ebsues nga Ministria e Drejt\u00ebsis\u00eb,EURALIUS , OPDAT [&hellip;]<\/p>\n","protected":false},"author":2013,"featured_media":108204,"comment_status":"open","ping_status":"closed","sticky":false,"template":"","format":"standard","meta":{"footnotes":""},"categories":[241,235],"tags":[],"class_list":{"0":"post-108201","1":"post","2":"type-post","3":"status-publish","4":"format-standard","5":"has-post-thumbnail","7":"category-aktualitet","8":"category-vendi"},"_links":{"self":[{"href":"https:\/\/zjarr.tv\/sq\/wp-json\/wp\/v2\/posts\/108201","targetHints":{"allow":["GET"]}}],"collection":[{"href":"https:\/\/zjarr.tv\/sq\/wp-json\/wp\/v2\/posts"}],"about":[{"href":"https:\/\/zjarr.tv\/sq\/wp-json\/wp\/v2\/types\/post"}],"author":[{"embeddable":true,"href":"https:\/\/zjarr.tv\/sq\/wp-json\/wp\/v2\/users\/2013"}],"replies":[{"embeddable":true,"href":"https:\/\/zjarr.tv\/sq\/wp-json\/wp\/v2\/comments?post=108201"}],"version-history":[{"count":0,"href":"https:\/\/zjarr.tv\/sq\/wp-json\/wp\/v2\/posts\/108201\/revisions"}],"wp:featuredmedia":[{"embeddable":true,"href":"https:\/\/zjarr.tv\/sq\/wp-json\/wp\/v2\/media\/108204"}],"wp:attachment":[{"href":"https:\/\/zjarr.tv\/sq\/wp-json\/wp\/v2\/media?parent=108201"}],"wp:term":[{"taxonomy":"category","embeddable":true,"href":"https:\/\/zjarr.tv\/sq\/wp-json\/wp\/v2\/categories?post=108201"},{"taxonomy":"post_tag","embeddable":true,"href":"https:\/\/zjarr.tv\/sq\/wp-json\/wp\/v2\/tags?post=108201"}],"curies":[{"name":"wp","href":"https:\/\/api.w.org\/{rel}","templated":true}]}}