{"id":108203,"date":"2019-09-21T14:57:32","date_gmt":"2019-09-21T12:57:32","guid":{"rendered":"https:\/\/zjarr.tv\/?p=108203"},"modified":"2019-09-21T14:57:32","modified_gmt":"2019-09-21T12:57:32","slug":"arti-ne-zi-ndahet-nga-jeta-parakohe-vellai-i-aktores-yllka-mujo","status":"publish","type":"post","link":"https:\/\/zjarr.tv\/sq\/arti-ne-zi-ndahet-nga-jeta-parakohe-vellai-i-aktores-yllka-mujo\/","title":{"rendered":"Arti n\u00eb zi, ndahet nga jeta parakohe v\u00ebllai i aktores Yllka Mujo"},"content":{"rendered":"<div class=\"container no-gutter responsive-full-width article_content\">\n<div class=\"row\">\n<div class=\"col-md-10 col-sm-10 article-text\">\n<p>Artisti i njohur Agim Mujo \u00ebsht\u00eb ndar\u00eb nga jeta n\u00eb mosh\u00ebn 63-vje\u00e7are. Ai \u00ebsht\u00eb v\u00ebllai i aktores s\u00eb madhe shqiptare Yllka Mujo. Lajmin e ka dh\u00ebn\u00eb ish-bashk\u00ebshorti i aktores Yllka Mujo, Gjergj Zaharia.<\/p>\n<p>M\u00ebsohet se Mujo ka nd\u00ebrruar jet\u00eb mengjesin e djesh\u00ebm n\u00eb kryeqytetin e Italis\u00eb n\u00eb Rome nga nj\u00eb atak kardiak.<\/p>\n<p>\u201cMe hidh\u00ebrim t\u00eb thell\u00eb ju njoftojm\u00eb se sot nd\u00ebrroi jet\u00eb nga nj\u00eb atak kardiak Agim Mujo, v\u00ebllai i Artistes Yllka Mujo. N\u00eb mosh\u00eb fare t\u00eb re Agimi luajti n\u00eb nj\u00eb s\u00ebr\u00eb filmash, midis t\u00eb cil\u00ebve n\u00eb filmin \u2018Malet n\u00eb blerim mbuluar\u2019. Ai mbaroi studimet p\u00ebr piktur\u00eb dhe u shqua p\u00ebr talentin e tij, duke u paraqitur n\u00eb shum\u00eb ekspozita n\u00eb Itali dhe Franc\u00eb\u201d, shkruan Zaharia.<\/p>\n<p>Duket se Agimi nuk ka mundur t\u00eb \u00e7oj\u00eb n\u00eb fund planet e tij, pasi m\u00eb dat\u00eb 27 tetor ishte planifikuar hapja e nj\u00eb ekspozite n\u00eb Paris me Zamir Matin, por q\u00eb nuk ariti ta realizonte dot.<\/p>\n<p>Agim Mujo hyri n\u00eb kinematografi me interpretimin n\u00eb filmin shqiptar bashk\u00eb me motr\u00ebn e tij Yllk\u00ebn n\u00eb t\u00eb njejtin rol si n\u00eb jet\u00eb, mot\u00ebr e v\u00eblla. B\u00ebhet fjal\u00eb p\u00ebr filim e vitit 1970 \u201cMalet me blerim mbuluar\u201d ku Agimi luante rolin e Zenelit. Po k\u00ebshtu ka luajtur dhe n\u00eb rolin e Ardianit tek filmi \u201cGuximtar\u00ebt\u201d. Mujo jetonte prej vitit 1990 n\u00eb Itali i larguar me hapjen e ambasadave.<\/p>\n<div class=\"galery-slider\">\n<ul class=\"slides\">\n<li class=\"flex-slider-item\" data-thumb-alt=\"\"><a href=\"https:\/\/balkanweb.com\/wp-content\/uploads\/2019\/09\/Gjergj-Zaharia.png\" rel=\"lightbox\"><img decoding=\"async\" draggable=\"false\" src=\"https:\/\/balkanweb.com\/wp-content\/uploads\/2019\/09\/Gjergj-Zaharia.png\" alt=\"foto galeri \" \/><\/a><a href=\"https:\/\/balkanweb.com\/wp-content\/uploads\/2019\/09\/Agim-Mujo-ok-2.jpg\" rel=\"lightbox\"><img decoding=\"async\" draggable=\"false\" src=\"https:\/\/balkanweb.com\/wp-content\/uploads\/2019\/09\/Agim-Mujo-ok-2.jpg\" alt=\"foto galeri \" \/><\/a><\/li>\n<\/ul>\n<\/div>\n<\/div>\n<\/div>\n<\/div>\n<div class=\"container no-gutter responsive-full-width similar_news_holder main-news-navigator\">\n<div class=\"row\">\n<div class=\"col-md-6 col-sm-6\">\n<div class=\"category-featured-news\">\n<div class=\"news-block-list\">\n<div class=\"news-block-list-item\">\n<div class=\"small_thumb_wrap thumb_holder\"><\/div>\n<\/div>\n<\/div>\n<\/div>\n<\/div>\n<\/div>\n<\/div>\n","protected":false},"excerpt":{"rendered":"<p>Artisti i njohur Agim Mujo \u00ebsht\u00eb ndar\u00eb nga jeta n\u00eb mosh\u00ebn 63-vje\u00e7are. Ai \u00ebsht\u00eb v\u00ebllai i aktores s\u00eb madhe shqiptare Yllka Mujo. Lajmin e ka dh\u00ebn\u00eb ish-bashk\u00ebshorti i aktores Yllka Mujo, Gjergj Zaharia. M\u00ebsohet se Mujo ka nd\u00ebrruar jet\u00eb mengjesin e djesh\u00ebm n\u00eb kryeqytetin e Italis\u00eb n\u00eb Rome nga nj\u00eb atak kardiak. \u201cMe hidh\u00ebrim t\u00eb [&hellip;]<\/p>\n","protected":false},"author":2013,"featured_media":108207,"comment_status":"open","ping_status":"closed","sticky":false,"template":"","format":"standard","meta":{"footnotes":""},"categories":[241,235],"tags":[],"class_list":{"0":"post-108203","1":"post","2":"type-post","3":"status-publish","4":"format-standard","5":"has-post-thumbnail","7":"category-aktualitet","8":"category-vendi"},"_links":{"self":[{"href":"https:\/\/zjarr.tv\/sq\/wp-json\/wp\/v2\/posts\/108203","targetHints":{"allow":["GET"]}}],"collection":[{"href":"https:\/\/zjarr.tv\/sq\/wp-json\/wp\/v2\/posts"}],"about":[{"href":"https:\/\/zjarr.tv\/sq\/wp-json\/wp\/v2\/types\/post"}],"author":[{"embeddable":true,"href":"https:\/\/zjarr.tv\/sq\/wp-json\/wp\/v2\/users\/2013"}],"replies":[{"embeddable":true,"href":"https:\/\/zjarr.tv\/sq\/wp-json\/wp\/v2\/comments?post=108203"}],"version-history":[{"count":0,"href":"https:\/\/zjarr.tv\/sq\/wp-json\/wp\/v2\/posts\/108203\/revisions"}],"wp:featuredmedia":[{"embeddable":true,"href":"https:\/\/zjarr.tv\/sq\/wp-json\/wp\/v2\/media\/108207"}],"wp:attachment":[{"href":"https:\/\/zjarr.tv\/sq\/wp-json\/wp\/v2\/media?parent=108203"}],"wp:term":[{"taxonomy":"category","embeddable":true,"href":"https:\/\/zjarr.tv\/sq\/wp-json\/wp\/v2\/categories?post=108203"},{"taxonomy":"post_tag","embeddable":true,"href":"https:\/\/zjarr.tv\/sq\/wp-json\/wp\/v2\/tags?post=108203"}],"curies":[{"name":"wp","href":"https:\/\/api.w.org\/{rel}","templated":true}]}}