{"id":108206,"date":"2019-09-21T14:58:14","date_gmt":"2019-09-21T12:58:14","guid":{"rendered":"https:\/\/zjarr.tv\/?p=108206"},"modified":"2019-09-21T14:58:14","modified_gmt":"2019-09-21T12:58:14","slug":"zgjedhjet-ne-ps-grate-socialiste-kerkojne-mbledhje-sa-me-te-shpejte","status":"publish","type":"post","link":"https:\/\/zjarr.tv\/sq\/zgjedhjet-ne-ps-grate-socialiste-kerkojne-mbledhje-sa-me-te-shpejte\/","title":{"rendered":"Zgjedhjet n\u00eb PS, grat\u00eb socialiste k\u00ebrkojn\u00eb mbledhje sa m\u00eb t\u00eb shpejt\u00eb"},"content":{"rendered":"<p>Nd\u00ebrkoh\u00eb q\u00eb PS po p\u00ebrmbyll p\u00ebrgatitjet p\u00ebr procesin e ri zgjedhor n\u00eb parti, grat\u00eb socialiste kan\u00eb k\u00ebrkuar nj\u00eb mbledhje sa m\u00eb t\u00eb shpejt\u00eb.<\/p>\n<p>Grat\u00eb e Kryesis\u00eb s\u00eb Partis\u00eb Socialiste dhe Grupit Parlamentar Socialist b\u00ebn\u00eb k\u00ebrkes\u00ebn pasi nuk duan q\u00eb n\u00eb zgjedhje t\u00eb rinovohen vet\u00ebm mandatet por t\u00eb ket\u00eb edhe nj\u00eb baz\u00eb t\u00eb re p\u00ebrfaq\u00ebsimi t\u00eb vajzave e grave n\u00eb vazhd\u00ebn e reform\u00ebs transformuese q\u00eb PS.<\/p>\n<p><em>&#8220;E dim\u00eb t\u00eb gjith\u00eb se procesi i k\u00ebtyre zgjedhjeve n\u00eb parti, ka nj\u00eb r\u00ebnd\u00ebsi t\u00eb ve\u00e7ant\u00eb p\u00ebr ecurin\u00eb e gjysm\u00ebs s\u00eb dyt\u00eb t\u00eb k\u00ebtij mandati dhe p\u00ebr betej\u00ebn p\u00ebr rinovimin e mandatit t\u00eb socialist\u00ebve si shumic\u00eb qeveris\u00ebse n\u00eb qershor 2021.\u00a0<\/em><\/p>\n<p><em>Ashtu sikund\u00ebr, e dim\u00eb se n\u00eb stadin aktual partia ka nevoj\u00eb p\u00ebr nj\u00eb energjizim t\u00eb ri, nj\u00eb riorganizim kapilar dhe nj\u00eb hapje t\u00eb madhe ndaj shoq\u00ebris\u00eb. Ne duam q\u00eb jo vet\u00ebm t\u00eb kryejm\u00eb zgjedhjet e rinovojm\u00eb mandatet e \u00e7do niveli brenda partis\u00eb n\u00eb afatet e k\u00ebrkuara nga vendimi i Asambles\u00eb Komb\u00ebtare, por edhe \u00a0t\u00eb krijojm\u00eb p\u00ebrve\u00e7 t\u00eb tjerash, nj\u00eb baz\u00eb t\u00eb re p\u00ebrfaq\u00ebsimi t\u00eb grave e vajzave n\u00eb vazhd\u00ebn e reform\u00ebs transformuese q\u00eb PS ka udh\u00ebhequr n\u00eb drejtim t\u00eb barazis\u00eb gjinore,&#8221;-\u00a0<\/em>shkruajn\u00eb ato faqen zyrtare t\u00eb PS.<\/p>\n","protected":false},"excerpt":{"rendered":"<p>Nd\u00ebrkoh\u00eb q\u00eb PS po p\u00ebrmbyll p\u00ebrgatitjet p\u00ebr procesin e ri zgjedhor n\u00eb parti, grat\u00eb socialiste kan\u00eb k\u00ebrkuar nj\u00eb mbledhje sa m\u00eb t\u00eb shpejt\u00eb. Grat\u00eb e Kryesis\u00eb s\u00eb Partis\u00eb Socialiste dhe Grupit Parlamentar Socialist b\u00ebn\u00eb k\u00ebrkes\u00ebn pasi nuk duan q\u00eb n\u00eb zgjedhje t\u00eb rinovohen vet\u00ebm mandatet por t\u00eb ket\u00eb edhe nj\u00eb baz\u00eb t\u00eb re p\u00ebrfaq\u00ebsimi t\u00eb [&hellip;]<\/p>\n","protected":false},"author":2013,"featured_media":30694,"comment_status":"open","ping_status":"closed","sticky":false,"template":"","format":"standard","meta":{"footnotes":""},"categories":[241,235],"tags":[],"class_list":{"0":"post-108206","1":"post","2":"type-post","3":"status-publish","4":"format-standard","5":"has-post-thumbnail","7":"category-aktualitet","8":"category-vendi"},"_links":{"self":[{"href":"https:\/\/zjarr.tv\/sq\/wp-json\/wp\/v2\/posts\/108206","targetHints":{"allow":["GET"]}}],"collection":[{"href":"https:\/\/zjarr.tv\/sq\/wp-json\/wp\/v2\/posts"}],"about":[{"href":"https:\/\/zjarr.tv\/sq\/wp-json\/wp\/v2\/types\/post"}],"author":[{"embeddable":true,"href":"https:\/\/zjarr.tv\/sq\/wp-json\/wp\/v2\/users\/2013"}],"replies":[{"embeddable":true,"href":"https:\/\/zjarr.tv\/sq\/wp-json\/wp\/v2\/comments?post=108206"}],"version-history":[{"count":0,"href":"https:\/\/zjarr.tv\/sq\/wp-json\/wp\/v2\/posts\/108206\/revisions"}],"wp:featuredmedia":[{"embeddable":true,"href":"https:\/\/zjarr.tv\/sq\/wp-json\/wp\/v2\/media\/30694"}],"wp:attachment":[{"href":"https:\/\/zjarr.tv\/sq\/wp-json\/wp\/v2\/media?parent=108206"}],"wp:term":[{"taxonomy":"category","embeddable":true,"href":"https:\/\/zjarr.tv\/sq\/wp-json\/wp\/v2\/categories?post=108206"},{"taxonomy":"post_tag","embeddable":true,"href":"https:\/\/zjarr.tv\/sq\/wp-json\/wp\/v2\/tags?post=108206"}],"curies":[{"name":"wp","href":"https:\/\/api.w.org\/{rel}","templated":true}]}}