{"id":108210,"date":"2019-09-21T15:14:47","date_gmt":"2019-09-21T13:14:47","guid":{"rendered":"https:\/\/zjarr.tv\/?p=108210"},"modified":"2019-09-21T15:14:47","modified_gmt":"2019-09-21T13:14:47","slug":"vjene-nje-shqiptar-godet-gruan-per-vdekje-me-shkop","status":"publish","type":"post","link":"https:\/\/zjarr.tv\/sq\/vjene-nje-shqiptar-godet-gruan-per-vdekje-me-shkop\/","title":{"rendered":"Vjen\u00eb, nj\u00eb shqiptar godet gruan p\u00ebr vdekje me shkop"},"content":{"rendered":"<p>Nj\u00eb rast tragjik i ndodhur mbr\u00ebm\u00eb n\u00eb Vien\u00eb t\u00eb Austris\u00eb ka marr\u00eb v\u00ebmendjen e mediave atje, derisa, m\u00ebngjesin e s\u00eb shtun\u00ebs lajmi p\u00ebr vrasjen e gruas 32-vjece nga burri i saj ka z\u00ebn\u00eb ballinat e mediave. Mediat m\u00eb t\u00eb njohura n\u00eb Austri kan\u00eb shkruar p\u00ebr rastin, ku thuhet se motiv i krimit\u00a0dyshohet t\u00eb jet\u00eb xhelozia q\u00eb kishte pasur burri nga Kosova.<\/p>\n<p>32-vje\u00e7ari e kishte vrar\u00eb gruan pasditen e s\u00eb premtes duke e goditur p\u00ebr vdekje me nj\u00eb shkop druri. Po vet\u00eb\u00a0do t\u00eb lajm\u00ebronte pastaj policin\u00eb, njofton gazeta Express. Gruaja, si\u00e7 raportojn\u00eb mediat lokale,\u00a032 vje\u00e7e,\u00a0kishte plag\u00eb n\u00eb pjes\u00ebn e pasme t\u00eb kok\u00ebs.<\/p>\n<div id=\"rekl-28\"><\/div>\n<p>32-vje\u00e7ari u arrestua menj\u00ebher\u00eb me dyshimin p\u00ebr vrasje. Ai do t\u00eb merret n\u00eb pyetje sot, tha z\u00ebdh\u00ebn\u00ebsi i policis\u00eb Paul Eidenberger.<\/p>\n","protected":false},"excerpt":{"rendered":"<p>Nj\u00eb rast tragjik i ndodhur mbr\u00ebm\u00eb n\u00eb Vien\u00eb t\u00eb Austris\u00eb ka marr\u00eb v\u00ebmendjen e mediave atje, derisa, m\u00ebngjesin e s\u00eb shtun\u00ebs lajmi p\u00ebr vrasjen e gruas 32-vjece nga burri i saj ka z\u00ebn\u00eb ballinat e mediave. Mediat m\u00eb t\u00eb njohura n\u00eb Austri kan\u00eb shkruar p\u00ebr rastin, ku thuhet se motiv i krimit\u00a0dyshohet t\u00eb jet\u00eb xhelozia [&hellip;]<\/p>\n","protected":false},"author":2013,"featured_media":108212,"comment_status":"open","ping_status":"closed","sticky":false,"template":"","format":"standard","meta":{"footnotes":""},"categories":[241,235],"tags":[],"class_list":{"0":"post-108210","1":"post","2":"type-post","3":"status-publish","4":"format-standard","5":"has-post-thumbnail","7":"category-aktualitet","8":"category-vendi"},"_links":{"self":[{"href":"https:\/\/zjarr.tv\/sq\/wp-json\/wp\/v2\/posts\/108210","targetHints":{"allow":["GET"]}}],"collection":[{"href":"https:\/\/zjarr.tv\/sq\/wp-json\/wp\/v2\/posts"}],"about":[{"href":"https:\/\/zjarr.tv\/sq\/wp-json\/wp\/v2\/types\/post"}],"author":[{"embeddable":true,"href":"https:\/\/zjarr.tv\/sq\/wp-json\/wp\/v2\/users\/2013"}],"replies":[{"embeddable":true,"href":"https:\/\/zjarr.tv\/sq\/wp-json\/wp\/v2\/comments?post=108210"}],"version-history":[{"count":0,"href":"https:\/\/zjarr.tv\/sq\/wp-json\/wp\/v2\/posts\/108210\/revisions"}],"wp:featuredmedia":[{"embeddable":true,"href":"https:\/\/zjarr.tv\/sq\/wp-json\/wp\/v2\/media\/108212"}],"wp:attachment":[{"href":"https:\/\/zjarr.tv\/sq\/wp-json\/wp\/v2\/media?parent=108210"}],"wp:term":[{"taxonomy":"category","embeddable":true,"href":"https:\/\/zjarr.tv\/sq\/wp-json\/wp\/v2\/categories?post=108210"},{"taxonomy":"post_tag","embeddable":true,"href":"https:\/\/zjarr.tv\/sq\/wp-json\/wp\/v2\/tags?post=108210"}],"curies":[{"name":"wp","href":"https:\/\/api.w.org\/{rel}","templated":true}]}}