{"id":108216,"date":"2019-09-21T15:27:51","date_gmt":"2019-09-21T13:27:51","guid":{"rendered":"https:\/\/zjarr.tv\/?p=108216"},"modified":"2019-09-21T15:27:51","modified_gmt":"2019-09-21T13:27:51","slug":"denimi-i-tahirit-enkelejd-alibeaj-me-ramen-kryeminister-drejtesia-vepron-me-2-standarde","status":"publish","type":"post","link":"https:\/\/zjarr.tv\/sq\/denimi-i-tahirit-enkelejd-alibeaj-me-ramen-kryeminister-drejtesia-vepron-me-2-standarde\/","title":{"rendered":"D\u00ebnimi i Tahirit, Enkelejd Alibeaj: Me Ram\u00ebn kryeminist\u00ebr drejt\u00ebsia vepron me 2 standarde"},"content":{"rendered":"<p>Ish-deputeti i Partis\u00eb Demokratike, Enkelejd Alibeaj me nj\u00eb deklarat\u00eb nga selia blu u ndal tek d\u00ebnimi me sh\u00ebrbim prove p\u00ebr ish-ministrin Saimir Tahiri. Ai theksoi se Saimir Tahiri ka qen\u00eb njeriu q\u00eb zbatoi planin e kryeministrit Rama p\u00ebr t\u00eb kanabizuar vendin. Sipas tij, sa t\u00eb jet\u00eb Rama kryeminist\u00ebr drejt\u00ebsia shqiptare do jet\u00eb me dy standarde.<\/p>\n<div id=\"sovrn\" class=\"desktop_ad ad_bottom_space\"><\/div>\n<h2><strong>Fjala e plot\u00eb:<\/strong><\/h2>\n<p>Saimir Tahiri nuk do t\u00eb b\u00ebj\u00eb asnj\u00eb dit\u00eb burg. Njeriu q\u00eb zbatoi planin e Edi Ram\u00ebs p\u00ebr t\u00eb kanabizuar Shqip\u00ebrin\u00eb n\u00eb funksion t\u00eb blerjes s\u00eb pushtetit me parat\u00eb e drog\u00ebs, nuk nd\u00ebshkohet nga drejt\u00ebsia, sepse me Edi Ram\u00ebn n\u00eb krye t\u00eb qeveris\u00eb, drejt\u00ebsia ka dy standarde: Saimir Tahiri n\u00eb liri, duke shijuar pushtetin, parat\u00eb dhe luksin, nd\u00ebrsa shqiptar\u00ebt e zakonsh\u00ebm n\u00eb burg, ku humbin jet\u00ebn p\u00ebr asgj\u00eb.<\/p>\n<p>Estref Halili, nj\u00eb 22 vje\u00e7ar nga Kolonja e Lushnj\u00ebs u burgos p\u00ebr nj\u00eb cigare hashash dit\u00ebn e Krishtlindjes dhe vrau veten n\u00eb qelin\u00eb e burgut, nd\u00ebrsa Saimir Tahiri nuk ka p\u00ebr t\u00eb b\u00ebr\u00eb as edhe nj\u00eb dit\u00eb burg, sepse ka mbrojtjen e Edi Ram\u00ebs. Qamil Zela kryefamiljari 52 vje\u00e7ar q\u00eb mezi ushqente familjen e tij, vrau veten n\u00eb burg se nuk kishte 35 mij\u00eb lek\u00eb p\u00ebr t\u00eb paguar energjin\u00eb elektrike.<\/p>\n<p>17 kuksian\u00eb u mbajt\u00ebn n\u00eb burg m\u00eb shum\u00eb se 1 vit, sepse protestuan kund\u00ebr korrupsionit t\u00eb Edi Ram\u00ebs, q\u00eb u vuri traun me 5 euro p\u00ebr t\u00eb shkuar n\u00eb sht\u00ebpi. Ky \u00ebsht\u00eb shteti me dy standarde q\u00eb ka nd\u00ebrtuar Edi Rama. Liri p\u00ebr bashk\u00ebpun\u00ebtor\u00ebt e tij n\u00eb krim, burg p\u00ebr shqiptar\u00ebt e zakonsh\u00ebm dhe t\u00eb pambrojtur. Me Edi Ram\u00ebn nuk ka drejt\u00ebsi t\u00eb barabart\u00eb p\u00ebr t\u00eb gjith\u00eb. Ai do t\u00eb vazhdoj\u00eb ta vendos\u00eb drejt\u00ebsin\u00eb n\u00eb sh\u00ebrbim t\u00eb politikan\u00ebve t\u00eb korruptuar e t\u00eb lidhur me krimin, si Saimir Tahiri, n\u00eb sh\u00ebrbim t\u00eb trafikant\u00ebve t\u00eb drog\u00ebs dhe krimit t\u00eb organizuar, q\u00eb i siguron mbajtjen e pushtetit me zgjedhje t\u00eb vjedhura. Sh\u00ebrbimi m\u00eb i madh p\u00ebr drejt\u00ebsin\u00eb dhe p\u00ebr vendin \u00ebsht\u00eb ndarja e politik\u00ebs nga krimi. Aty \u00ebsht\u00eb burimi i t\u00eb gjitha t\u00eb k\u00ebqijave. Pa prer\u00eb lidhjet e politik\u00ebs me krimin, n\u00eb Shqip\u00ebri nuk ka p\u00ebr t\u00eb patur drejt\u00ebsi t\u00eb v\u00ebrtet\u00eb, m\u00eb t\u00eb pamundurit do t\u00eb vuajn\u00eb burgjeve, nd\u00ebrsa t\u00eb pushtetshmit si Edi Rama dhe Saimir Tahiri, do t\u00eb vazhdojn\u00eb t\u00eb jetojn\u00eb n\u00eb luks pa u nd\u00ebshkuar!<\/p>\n","protected":false},"excerpt":{"rendered":"<p>Ish-deputeti i Partis\u00eb Demokratike, Enkelejd Alibeaj me nj\u00eb deklarat\u00eb nga selia blu u ndal tek d\u00ebnimi me sh\u00ebrbim prove p\u00ebr ish-ministrin Saimir Tahiri. Ai theksoi se Saimir Tahiri ka qen\u00eb njeriu q\u00eb zbatoi planin e kryeministrit Rama p\u00ebr t\u00eb kanabizuar vendin. Sipas tij, sa t\u00eb jet\u00eb Rama kryeminist\u00ebr drejt\u00ebsia shqiptare do jet\u00eb me dy standarde. [&hellip;]<\/p>\n","protected":false},"author":2013,"featured_media":49207,"comment_status":"open","ping_status":"closed","sticky":false,"template":"","format":"standard","meta":{"footnotes":""},"categories":[241,235],"tags":[],"class_list":{"0":"post-108216","1":"post","2":"type-post","3":"status-publish","4":"format-standard","5":"has-post-thumbnail","7":"category-aktualitet","8":"category-vendi"},"_links":{"self":[{"href":"https:\/\/zjarr.tv\/sq\/wp-json\/wp\/v2\/posts\/108216","targetHints":{"allow":["GET"]}}],"collection":[{"href":"https:\/\/zjarr.tv\/sq\/wp-json\/wp\/v2\/posts"}],"about":[{"href":"https:\/\/zjarr.tv\/sq\/wp-json\/wp\/v2\/types\/post"}],"author":[{"embeddable":true,"href":"https:\/\/zjarr.tv\/sq\/wp-json\/wp\/v2\/users\/2013"}],"replies":[{"embeddable":true,"href":"https:\/\/zjarr.tv\/sq\/wp-json\/wp\/v2\/comments?post=108216"}],"version-history":[{"count":0,"href":"https:\/\/zjarr.tv\/sq\/wp-json\/wp\/v2\/posts\/108216\/revisions"}],"wp:featuredmedia":[{"embeddable":true,"href":"https:\/\/zjarr.tv\/sq\/wp-json\/wp\/v2\/media\/49207"}],"wp:attachment":[{"href":"https:\/\/zjarr.tv\/sq\/wp-json\/wp\/v2\/media?parent=108216"}],"wp:term":[{"taxonomy":"category","embeddable":true,"href":"https:\/\/zjarr.tv\/sq\/wp-json\/wp\/v2\/categories?post=108216"},{"taxonomy":"post_tag","embeddable":true,"href":"https:\/\/zjarr.tv\/sq\/wp-json\/wp\/v2\/tags?post=108216"}],"curies":[{"name":"wp","href":"https:\/\/api.w.org\/{rel}","templated":true}]}}