{"id":108221,"date":"2019-09-21T17:08:43","date_gmt":"2019-09-21T15:08:43","guid":{"rendered":"https:\/\/zjarr.tv\/?p=108221"},"modified":"2019-09-21T17:08:43","modified_gmt":"2019-09-21T15:08:43","slug":"republika-e-turqise-e-gatshme-ti-ofroje-mbeshtetje-kosoves-ne-fushen-e-sigurise","status":"publish","type":"post","link":"https:\/\/zjarr.tv\/sq\/republika-e-turqise-e-gatshme-ti-ofroje-mbeshtetje-kosoves-ne-fushen-e-sigurise\/","title":{"rendered":"Republika e Turqis\u00eb e gatshme t\u2019i ofroj\u00eb mb\u00ebshtetje Kosov\u00ebs n\u00eb fush\u00ebn e siguris\u00eb"},"content":{"rendered":"<p>Z\u00ebvend\u00ebsministri n\u00eb detyr\u00eb i Pun\u00ebve t\u00eb Brendshme, Selami Shkodra, i shoq\u00ebruar nga drejtori i Agjencis\u00eb p\u00ebr Menaxhim t\u00eb Emergjencave, Fadil Kodra, kan\u00eb q\u00ebndruar n\u00eb nj\u00eb vizit\u00eb zyrtare n\u00eb Republik\u00ebn e Turqis\u00eb, ku jan\u00eb pritur nga z\u00ebvend\u00ebsministri i Pun\u00ebve t\u00eb Brendshme, i Turqis\u00eb, Muhterm Ince.<\/p>\n<p>Sipas njoftimit p\u00ebr media n\u00eb k\u00ebt\u00eb takim u diskutua p\u00ebr marr\u00ebdh\u00ebniet e shk\u00eblqyera mes dy vendeve, sidomos p\u00ebr bashk\u00ebpunimin n\u00eb fush\u00ebn e siguris\u00eb dhe u vler\u00ebsua s\u00eb t\u00eb dy shtetet do t\u00eb vazhdojn\u00eb bashk\u00ebpunimin n\u00eb realizimin e prioriteteve t\u00eb p\u00ebrbashk\u00ebta n\u00eb luft\u00ebn kund\u00ebr krimit t\u00eb organizuar.<\/p>\n<p>Gjat\u00eb k\u00ebsaj vizite z\u00ebvend\u00ebsministri Shkodra, takoi shefin e Policis\u00eb Turke, \u00a0Mehmet Akta\u015f. N\u00eb k\u00ebt\u00eb takim u bisedua p\u00ebr bashk\u00ebpunimin e mir\u00eb mes dy policive t\u00eb dy shteteve dhe u theksua se kjo tradit\u00eb e mir\u00eb e bashk\u00ebpunimit t\u00eb do t\u00eb vazhdoj\u00eb edhe n\u00eb t\u00eb ardhmen.<\/p>\n<p>N\u00eb njoftim thuhet se n\u00eb fund t\u00eb vizit\u00ebs z\u00ebvend\u00ebsministri Shkodra vizitoi Akademin\u00eb e Policis\u00eb s\u00eb Turqis\u00eb, ku u prit nga drejtori i Akademis\u00eb, Y\u0131lmaz \u00c7olak.<\/p>\n<p>Gjat\u00eb takimit u bisedua p\u00ebr trajnimet nd\u00ebrkomb\u00ebtare dhe aktivitetet e bashk\u00ebpunimit dypal\u00ebsh, midis Akademis\u00eb s\u00eb Turqis\u00eb dhe Akademis\u00eb s\u00eb Kosov\u00ebs p\u00ebr Siguri Publike.<\/p>\n","protected":false},"excerpt":{"rendered":"<p>Z\u00ebvend\u00ebsministri n\u00eb detyr\u00eb i Pun\u00ebve t\u00eb Brendshme, Selami Shkodra, i shoq\u00ebruar nga drejtori i Agjencis\u00eb p\u00ebr Menaxhim t\u00eb Emergjencave, Fadil Kodra, kan\u00eb q\u00ebndruar n\u00eb nj\u00eb vizit\u00eb zyrtare n\u00eb Republik\u00ebn e Turqis\u00eb, ku jan\u00eb pritur nga z\u00ebvend\u00ebsministri i Pun\u00ebve t\u00eb Brendshme, i Turqis\u00eb, Muhterm Ince. Sipas njoftimit p\u00ebr media n\u00eb k\u00ebt\u00eb takim u diskutua p\u00ebr marr\u00ebdh\u00ebniet [&hellip;]<\/p>\n","protected":false},"author":2013,"featured_media":108235,"comment_status":"open","ping_status":"closed","sticky":false,"template":"","format":"standard","meta":{"footnotes":""},"categories":[241,235],"tags":[],"class_list":{"0":"post-108221","1":"post","2":"type-post","3":"status-publish","4":"format-standard","5":"has-post-thumbnail","7":"category-aktualitet","8":"category-vendi"},"_links":{"self":[{"href":"https:\/\/zjarr.tv\/sq\/wp-json\/wp\/v2\/posts\/108221","targetHints":{"allow":["GET"]}}],"collection":[{"href":"https:\/\/zjarr.tv\/sq\/wp-json\/wp\/v2\/posts"}],"about":[{"href":"https:\/\/zjarr.tv\/sq\/wp-json\/wp\/v2\/types\/post"}],"author":[{"embeddable":true,"href":"https:\/\/zjarr.tv\/sq\/wp-json\/wp\/v2\/users\/2013"}],"replies":[{"embeddable":true,"href":"https:\/\/zjarr.tv\/sq\/wp-json\/wp\/v2\/comments?post=108221"}],"version-history":[{"count":0,"href":"https:\/\/zjarr.tv\/sq\/wp-json\/wp\/v2\/posts\/108221\/revisions"}],"wp:featuredmedia":[{"embeddable":true,"href":"https:\/\/zjarr.tv\/sq\/wp-json\/wp\/v2\/media\/108235"}],"wp:attachment":[{"href":"https:\/\/zjarr.tv\/sq\/wp-json\/wp\/v2\/media?parent=108221"}],"wp:term":[{"taxonomy":"category","embeddable":true,"href":"https:\/\/zjarr.tv\/sq\/wp-json\/wp\/v2\/categories?post=108221"},{"taxonomy":"post_tag","embeddable":true,"href":"https:\/\/zjarr.tv\/sq\/wp-json\/wp\/v2\/tags?post=108221"}],"curies":[{"name":"wp","href":"https:\/\/api.w.org\/{rel}","templated":true}]}}