{"id":108222,"date":"2019-09-21T16:34:49","date_gmt":"2019-09-21T14:34:49","guid":{"rendered":"https:\/\/zjarr.tv\/?p=108222"},"modified":"2019-09-21T16:34:49","modified_gmt":"2019-09-21T14:34:49","slug":"vezhguesit-e-be-zbarkojne-ne-kosove-per-zgjedhjet-e-6-tetorit","status":"publish","type":"post","link":"https:\/\/zjarr.tv\/sq\/vezhguesit-e-be-zbarkojne-ne-kosove-per-zgjedhjet-e-6-tetorit\/","title":{"rendered":"V\u00ebzhguesit e BE zbarkojn\u00eb n\u00eb Kosov\u00eb p\u00ebr zgjedhjet e 6 tetorit"},"content":{"rendered":"<p>Kryesuesja e misionit v\u00ebzhgues t\u00eb BE-s\u00eb p\u00ebr zgjedhjet n\u00eb Kosov\u00eb tha n\u00eb Prishtin\u00eb: \u201cZgjedhjet e 6 tetorit jan\u00eb nj\u00eb mund\u00ebsi shum\u00eb e mir\u00eb q\u00eb t\u00eb gjitha pal\u00ebt t\u00eb marrin pjes\u00eb dhe t\u00eb shprehin angazhimin p\u00ebr demokraci\u201d.<\/p>\n<p>Nga Deutsche Welle<\/p>\n<p>Eurodeputetja gjermane, e cila kryeson misionin v\u00ebzhgues t\u00eb BE-s\u00eb p\u00ebr zgjedhjet n\u00eb Kosov\u00eb, Viola von Cramon-Taubadel gjat\u00eb dy dit\u00ebve t\u00eb q\u00ebndrimit n\u00eb Kosov\u00eb ka takuar zyrtar\u00ebt e lart\u00eb t\u00eb KQZ-s\u00eb, ata t\u00eb Ministris\u00eb s\u00eb Pun\u00ebve t\u00eb Jashtme dhe kandidat\u00eb t\u00eb partive politike.<\/p>\n<div id=\"rekl-13\">\n<div id=\"__sap-ad-15\" class=\"__sap-ads __sap-html tracked\" data-title=\"Credins desktop 08\"><ins><\/p>\n<div id=\"beacon_916ef2b057\"><img loading=\"lazy\" decoding=\"async\" src=\"https:\/\/ads1.medium.al\/www\/delivery\/lg.php?bannerid=373&amp;campaignid=48&amp;zoneid=182&amp;loc=https%3A%2F%2Fwww.syri.net%2Fpolitike%2F281934%2Fvezhguesit-e-be-zbarkojne-ne-kosove-per-zgjedhjet-e-6-tetorit%2F&amp;referer=https%3A%2F%2Fwww.syri.net%2Flajme%2F&amp;cb=916ef2b057\" alt=\"\" width=\"0\" height=\"0\" \/>BE-ja me ftes\u00eb t\u00eb presidentit t\u00eb Kosov\u00ebs ka d\u00ebrguar n\u00eb Kosov\u00eb nj\u00eb mision v\u00ebzhgues t\u00eb zgjedhjeve, t\u00eb pestin mision me radh\u00eb q\u00eb nga viti 2013. &#8220;Misioni v\u00ebzhgon procesin zgjedhor para, gjat\u00eb dhe pas votimit m\u00eb 6 tetor dhe reflekton angazhimin e vazhduesh\u00ebm t\u00eb BE-s\u00eb drejt mb\u00ebshtetjes s\u00eb zgjedhjeve transparente dhe gjith\u00ebp\u00ebrfshir\u00ebse n\u00eb Kosov\u00eb\u201d, thuhet n\u00eb nj\u00eb komunikat\u00eb t\u00eb misionit.<\/div>\n<p><\/ins><\/div>\n<\/div>\n<p>&#8220;K\u00ebto zgjedhje i shoh si mund\u00ebsi shum\u00eb e mir\u00eb q\u00eb t\u00eb gjitha pal\u00ebt q\u00eb marrin pjes\u00eb n\u00eb zgjedhje ta demonstrojn\u00eb angazhimin e Kosov\u00ebs p\u00ebr demokraci duke udh\u00ebhequr nj\u00eb proces zgjedhor t\u00eb besuesh\u00ebm dhe gjith\u00ebp\u00ebrfshir\u00ebs. Transparenca dhe p\u00ebrgjegj\u00ebsia e plot\u00eb nga t\u00eb gjitha pal\u00ebt e p\u00ebrfshira n\u00eb zgjedhje mund ta p\u00ebrmir\u00ebsojn\u00eb mir\u00ebbesimin publik n\u00eb procesin zgjedhor. Gjithashtu do t\u00eb doja t&#8217;i inkurajoj njer\u00ebzit ta ushtrojn\u00eb t\u00eb drejt\u00ebn e vot\u00ebs,\u201d citohet kryev\u00ebzhguesja Viola von Cramon-Taubadel.<\/p>\n<p>Nj\u00eb pjes\u00eb e ekipit t\u00eb v\u00ebzhguesve tashm\u00eb kan\u00eb arritur n\u00eb Kosov\u00eb, nd\u00ebrsa rreth 100 prej tyre do t\u00eb vijn\u00eb dy dit\u00eb para zgjedhjeve t\u00eb 6 tetorit. 25 subjekte politike garojn\u00eb n\u00eb zgjedhjet e p\u00ebrgjithshme t\u00eb 6 tetorit dhe t\u00eb drejt\u00eb vote do t\u00eb ken\u00eb afro 1.9 milion banor\u00eb t\u00eb Kosov\u00ebs.<\/p>\n","protected":false},"excerpt":{"rendered":"<p>Kryesuesja e misionit v\u00ebzhgues t\u00eb BE-s\u00eb p\u00ebr zgjedhjet n\u00eb Kosov\u00eb tha n\u00eb Prishtin\u00eb: \u201cZgjedhjet e 6 tetorit jan\u00eb nj\u00eb mund\u00ebsi shum\u00eb e mir\u00eb q\u00eb t\u00eb gjitha pal\u00ebt t\u00eb marrin pjes\u00eb dhe t\u00eb shprehin angazhimin p\u00ebr demokraci\u201d. Nga Deutsche Welle Eurodeputetja gjermane, e cila kryeson misionin v\u00ebzhgues t\u00eb BE-s\u00eb p\u00ebr zgjedhjet n\u00eb Kosov\u00eb, Viola von Cramon-Taubadel [&hellip;]<\/p>\n","protected":false},"author":2013,"featured_media":108223,"comment_status":"open","ping_status":"closed","sticky":false,"template":"","format":"standard","meta":{"footnotes":""},"categories":[241,235],"tags":[],"class_list":{"0":"post-108222","1":"post","2":"type-post","3":"status-publish","4":"format-standard","5":"has-post-thumbnail","7":"category-aktualitet","8":"category-vendi"},"_links":{"self":[{"href":"https:\/\/zjarr.tv\/sq\/wp-json\/wp\/v2\/posts\/108222","targetHints":{"allow":["GET"]}}],"collection":[{"href":"https:\/\/zjarr.tv\/sq\/wp-json\/wp\/v2\/posts"}],"about":[{"href":"https:\/\/zjarr.tv\/sq\/wp-json\/wp\/v2\/types\/post"}],"author":[{"embeddable":true,"href":"https:\/\/zjarr.tv\/sq\/wp-json\/wp\/v2\/users\/2013"}],"replies":[{"embeddable":true,"href":"https:\/\/zjarr.tv\/sq\/wp-json\/wp\/v2\/comments?post=108222"}],"version-history":[{"count":0,"href":"https:\/\/zjarr.tv\/sq\/wp-json\/wp\/v2\/posts\/108222\/revisions"}],"wp:featuredmedia":[{"embeddable":true,"href":"https:\/\/zjarr.tv\/sq\/wp-json\/wp\/v2\/media\/108223"}],"wp:attachment":[{"href":"https:\/\/zjarr.tv\/sq\/wp-json\/wp\/v2\/media?parent=108222"}],"wp:term":[{"taxonomy":"category","embeddable":true,"href":"https:\/\/zjarr.tv\/sq\/wp-json\/wp\/v2\/categories?post=108222"},{"taxonomy":"post_tag","embeddable":true,"href":"https:\/\/zjarr.tv\/sq\/wp-json\/wp\/v2\/tags?post=108222"}],"curies":[{"name":"wp","href":"https:\/\/api.w.org\/{rel}","templated":true}]}}