{"id":108227,"date":"2019-09-21T16:53:12","date_gmt":"2019-09-21T14:53:12","guid":{"rendered":"https:\/\/zjarr.tv\/?p=108227"},"modified":"2019-09-21T16:53:12","modified_gmt":"2019-09-21T14:53:12","slug":"termeti-me-i-fuqishem-ne-ja-cfare-raporton-ministria-e-mbrojtjes","status":"publish","type":"post","link":"https:\/\/zjarr.tv\/sq\/termeti-me-i-fuqishem-ne-ja-cfare-raporton-ministria-e-mbrojtjes\/","title":{"rendered":"T\u00ebrmeti m\u00eb i fuqish\u00ebm n\u00eb &#8230;\/ Ja \u00e7far\u00eb raporton Ministria e Mbrojtjes"},"content":{"rendered":"<p>Ministria e Mbrojtjes n\u00eb nj\u00eb komunikat\u00eb t\u00eb fundit raporton se t\u00ebrmeti i ndodhur gjat\u00eb pasdites \u00ebsht\u00eb m\u00eb i forti i ndodhur n\u00eb 20-30 vitet e fundit n\u00eb Shqip\u00ebri.<\/p>\n<p>\u2018Info e fundit nga IGJEUM: Termeti me magnitude 5.8 Rihter dhe intensitet mbi 7.5 balle, 30 km ne veri te Durresit&#8230;ne bregdet afer kepit rodonit&#8230;termeti me i forte ne 20-30 vitet e fundit.<\/p>\n<p>Deri me tani, sipas raportimeve paraprake NUK ka deme ne: Sarande, Himare, Finiq, Lezhe, Diber.\u2019<\/p>\n","protected":false},"excerpt":{"rendered":"<p>Ministria e Mbrojtjes n\u00eb nj\u00eb komunikat\u00eb t\u00eb fundit raporton se t\u00ebrmeti i ndodhur gjat\u00eb pasdites \u00ebsht\u00eb m\u00eb i forti i ndodhur n\u00eb 20-30 vitet e fundit n\u00eb Shqip\u00ebri. \u2018Info e fundit nga IGJEUM: Termeti me magnitude 5.8 Rihter dhe intensitet mbi 7.5 balle, 30 km ne veri te Durresit&#8230;ne bregdet afer kepit rodonit&#8230;termeti me i [&hellip;]<\/p>\n","protected":false},"author":2013,"featured_media":38161,"comment_status":"open","ping_status":"closed","sticky":false,"template":"","format":"standard","meta":{"footnotes":""},"categories":[241,235],"tags":[],"class_list":{"0":"post-108227","1":"post","2":"type-post","3":"status-publish","4":"format-standard","5":"has-post-thumbnail","7":"category-aktualitet","8":"category-vendi"},"_links":{"self":[{"href":"https:\/\/zjarr.tv\/sq\/wp-json\/wp\/v2\/posts\/108227","targetHints":{"allow":["GET"]}}],"collection":[{"href":"https:\/\/zjarr.tv\/sq\/wp-json\/wp\/v2\/posts"}],"about":[{"href":"https:\/\/zjarr.tv\/sq\/wp-json\/wp\/v2\/types\/post"}],"author":[{"embeddable":true,"href":"https:\/\/zjarr.tv\/sq\/wp-json\/wp\/v2\/users\/2013"}],"replies":[{"embeddable":true,"href":"https:\/\/zjarr.tv\/sq\/wp-json\/wp\/v2\/comments?post=108227"}],"version-history":[{"count":0,"href":"https:\/\/zjarr.tv\/sq\/wp-json\/wp\/v2\/posts\/108227\/revisions"}],"wp:featuredmedia":[{"embeddable":true,"href":"https:\/\/zjarr.tv\/sq\/wp-json\/wp\/v2\/media\/38161"}],"wp:attachment":[{"href":"https:\/\/zjarr.tv\/sq\/wp-json\/wp\/v2\/media?parent=108227"}],"wp:term":[{"taxonomy":"category","embeddable":true,"href":"https:\/\/zjarr.tv\/sq\/wp-json\/wp\/v2\/categories?post=108227"},{"taxonomy":"post_tag","embeddable":true,"href":"https:\/\/zjarr.tv\/sq\/wp-json\/wp\/v2\/tags?post=108227"}],"curies":[{"name":"wp","href":"https:\/\/api.w.org\/{rel}","templated":true}]}}