{"id":108229,"date":"2019-09-21T17:04:37","date_gmt":"2019-09-21T15:04:37","guid":{"rendered":"https:\/\/zjarr.tv\/?p=108229"},"modified":"2019-09-21T17:04:37","modified_gmt":"2019-09-21T15:04:37","slug":"ministria-e-mbrojtjes-jep-detaje-per-termetin-me-i-forte-i-20-30-viteve-te-fundit","status":"publish","type":"post","link":"https:\/\/zjarr.tv\/sq\/ministria-e-mbrojtjes-jep-detaje-per-termetin-me-i-forte-i-20-30-viteve-te-fundit\/","title":{"rendered":"Ministria e Mbrojtjes jep detaje p\u00ebr t\u00ebrmetin: M\u00eb i fort\u00eb i 20-30 viteve t\u00eb fundit"},"content":{"rendered":"<p>Ministria e Mbrojtjes ka dh\u00ebn\u00eb informacion zyrtar p\u00ebr l\u00ebkundjet e forta t\u00eb t\u00ebrmetit q\u00eb kan\u00eb tronditur sot vendin.<\/p>\n<p>Duke iu referuar Institutit t\u00eb Energjis\u00eb Ujit dhe Mjedisit, MM deklaron se t\u00ebrmeti ka qen\u00eb me magnitud\u00eb 5.8 t\u00eb shkall\u00ebs Rihter dhe intensitet mbi 7.5 ball\u00eb. Epiqendra ka qen\u00eb 30 km n\u00eb veri t\u00eb Durr\u00ebsit. N\u00eb bregdet af\u00ebr kepit t\u00eb Rodonit. Sipas MM ky \u00ebsht\u00eb t\u00ebrmeti m\u00eb i fort\u00eb n\u00eb 20-30 vitet e fundit.<\/p>\n","protected":false},"excerpt":{"rendered":"<p>Ministria e Mbrojtjes ka dh\u00ebn\u00eb informacion zyrtar p\u00ebr l\u00ebkundjet e forta t\u00eb t\u00ebrmetit q\u00eb kan\u00eb tronditur sot vendin. Duke iu referuar Institutit t\u00eb Energjis\u00eb Ujit dhe Mjedisit, MM deklaron se t\u00ebrmeti ka qen\u00eb me magnitud\u00eb 5.8 t\u00eb shkall\u00ebs Rihter dhe intensitet mbi 7.5 ball\u00eb. Epiqendra ka qen\u00eb 30 km n\u00eb veri t\u00eb Durr\u00ebsit. N\u00eb bregdet [&hellip;]<\/p>\n","protected":false},"author":2013,"featured_media":67195,"comment_status":"open","ping_status":"closed","sticky":false,"template":"","format":"standard","meta":{"footnotes":""},"categories":[241,235],"tags":[],"class_list":{"0":"post-108229","1":"post","2":"type-post","3":"status-publish","4":"format-standard","5":"has-post-thumbnail","7":"category-aktualitet","8":"category-vendi"},"_links":{"self":[{"href":"https:\/\/zjarr.tv\/sq\/wp-json\/wp\/v2\/posts\/108229","targetHints":{"allow":["GET"]}}],"collection":[{"href":"https:\/\/zjarr.tv\/sq\/wp-json\/wp\/v2\/posts"}],"about":[{"href":"https:\/\/zjarr.tv\/sq\/wp-json\/wp\/v2\/types\/post"}],"author":[{"embeddable":true,"href":"https:\/\/zjarr.tv\/sq\/wp-json\/wp\/v2\/users\/2013"}],"replies":[{"embeddable":true,"href":"https:\/\/zjarr.tv\/sq\/wp-json\/wp\/v2\/comments?post=108229"}],"version-history":[{"count":0,"href":"https:\/\/zjarr.tv\/sq\/wp-json\/wp\/v2\/posts\/108229\/revisions"}],"wp:featuredmedia":[{"embeddable":true,"href":"https:\/\/zjarr.tv\/sq\/wp-json\/wp\/v2\/media\/67195"}],"wp:attachment":[{"href":"https:\/\/zjarr.tv\/sq\/wp-json\/wp\/v2\/media?parent=108229"}],"wp:term":[{"taxonomy":"category","embeddable":true,"href":"https:\/\/zjarr.tv\/sq\/wp-json\/wp\/v2\/categories?post=108229"},{"taxonomy":"post_tag","embeddable":true,"href":"https:\/\/zjarr.tv\/sq\/wp-json\/wp\/v2\/tags?post=108229"}],"curies":[{"name":"wp","href":"https:\/\/api.w.org\/{rel}","templated":true}]}}