{"id":108237,"date":"2019-09-21T19:00:27","date_gmt":"2019-09-21T17:00:27","guid":{"rendered":"https:\/\/zjarr.tv\/?p=108237"},"modified":"2019-09-21T17:11:27","modified_gmt":"2019-09-21T15:11:27","slug":"rasti-ivanoviq-serbia-kyc-bia-n-zgjeron-hetimet-ne-veri","status":"publish","type":"post","link":"https:\/\/zjarr.tv\/sq\/rasti-ivanoviq-serbia-kyc-bia-n-zgjeron-hetimet-ne-veri\/","title":{"rendered":"Rasti &#8216;Ivanoviq&#8217;: Serbia ky\u00e7 BIA-n, zgjeron hetimet n\u00eb veri"},"content":{"rendered":"<p>Presidenti i Serbis\u00eb Aleksandar Vu\u00e7iq, i cili i ka dal\u00eb n\u00eb mbrojtje t\u00eb dyshuarit kryesor p\u00ebr vrasjen e Ivanoviqit Millan Radoji\u00e7iqit, n\u00ebnkryetar i List\u00ebs Serbe, ka th\u00ebn\u00eb se p\u00ebr ta zbardhur vrasjen e liderit t\u00eb SDP-s\u00eb \u00ebsht\u00eb angazhuar nj\u00eb ekip i specializuar i BIA-s, i cili \u00ebsht\u00eb duke vepruar n\u00eb Kosov\u00eb, nd\u00ebrsa kryeprokurori i Prokuroris\u00eb Speciale Syl\u00eb Hoxha ka njoftuar se hetimet jan\u00eb zgjeruar n\u00eb veri edhe p\u00ebr kat\u00ebr polic\u00eb t\u00eb tjer\u00eb, shkruan gazeta &#8220;Z\u00ebri&#8221;.<\/p>\n<p>Mitrovic\u00eb. Edhe pas 20 muajsh nga vrasja e politikanit serb Oliver Ivanoviq hetimet q\u00eb \u00ebsht\u00eb duke i zhvilluar Prokuroria Speciale e Kosov\u00ebs nuk kan\u00eb sh\u00ebnuar asnj\u00eb p\u00ebrparim.<\/p>\n<p>Deri m\u00eb tani nuk ka asnj\u00eb zhvillim q\u00eb do t\u00eb mund\u00eb t\u00eb d\u00ebrgonte t\u00eb vras\u00ebsi ose te vras\u00ebsit e liderit t\u00eb SDP-s\u00eb, Oliver Ivanoviq, i cili u vra m\u00eb 16 janar 2018, para zyrave t\u00eb partis\u00eb s\u00eb tij.<\/p>\n","protected":false},"excerpt":{"rendered":"<p>Presidenti i Serbis\u00eb Aleksandar Vu\u00e7iq, i cili i ka dal\u00eb n\u00eb mbrojtje t\u00eb dyshuarit kryesor p\u00ebr vrasjen e Ivanoviqit Millan Radoji\u00e7iqit, n\u00ebnkryetar i List\u00ebs Serbe, ka th\u00ebn\u00eb se p\u00ebr ta zbardhur vrasjen e liderit t\u00eb SDP-s\u00eb \u00ebsht\u00eb angazhuar nj\u00eb ekip i specializuar i BIA-s, i cili \u00ebsht\u00eb duke vepruar n\u00eb Kosov\u00eb, nd\u00ebrsa kryeprokurori i Prokuroris\u00eb [&hellip;]<\/p>\n","protected":false},"author":2013,"featured_media":108238,"comment_status":"open","ping_status":"closed","sticky":false,"template":"","format":"standard","meta":{"footnotes":""},"categories":[241,2],"tags":[],"class_list":{"0":"post-108237","1":"post","2":"type-post","3":"status-publish","4":"format-standard","5":"has-post-thumbnail","7":"category-aktualitet","8":"category-rajoni"},"_links":{"self":[{"href":"https:\/\/zjarr.tv\/sq\/wp-json\/wp\/v2\/posts\/108237","targetHints":{"allow":["GET"]}}],"collection":[{"href":"https:\/\/zjarr.tv\/sq\/wp-json\/wp\/v2\/posts"}],"about":[{"href":"https:\/\/zjarr.tv\/sq\/wp-json\/wp\/v2\/types\/post"}],"author":[{"embeddable":true,"href":"https:\/\/zjarr.tv\/sq\/wp-json\/wp\/v2\/users\/2013"}],"replies":[{"embeddable":true,"href":"https:\/\/zjarr.tv\/sq\/wp-json\/wp\/v2\/comments?post=108237"}],"version-history":[{"count":0,"href":"https:\/\/zjarr.tv\/sq\/wp-json\/wp\/v2\/posts\/108237\/revisions"}],"wp:featuredmedia":[{"embeddable":true,"href":"https:\/\/zjarr.tv\/sq\/wp-json\/wp\/v2\/media\/108238"}],"wp:attachment":[{"href":"https:\/\/zjarr.tv\/sq\/wp-json\/wp\/v2\/media?parent=108237"}],"wp:term":[{"taxonomy":"category","embeddable":true,"href":"https:\/\/zjarr.tv\/sq\/wp-json\/wp\/v2\/categories?post=108237"},{"taxonomy":"post_tag","embeddable":true,"href":"https:\/\/zjarr.tv\/sq\/wp-json\/wp\/v2\/tags?post=108237"}],"curies":[{"name":"wp","href":"https:\/\/api.w.org\/{rel}","templated":true}]}}