{"id":108240,"date":"2019-09-21T19:10:02","date_gmt":"2019-09-21T17:10:02","guid":{"rendered":"https:\/\/zjarr.tv\/?p=108240"},"modified":"2019-09-21T17:14:04","modified_gmt":"2019-09-21T15:14:04","slug":"biseda-trump-zelenskiy-ne-qender-te-polemikave","status":"publish","type":"post","link":"https:\/\/zjarr.tv\/sq\/biseda-trump-zelenskiy-ne-qender-te-polemikave\/","title":{"rendered":"Biseda Trump-Zelenskiy, n\u00eb qend\u00ebr t\u00eb polemikave"},"content":{"rendered":"<p>Sipas nj\u00eb njoftimi t\u00eb gazet\u00ebs, Wall Street Journal, Presidenti Trump disa her\u00eb i ka k\u00ebrkuar presidentit ukrainas t\u00eb hetoj\u00eb rreth djalit t\u00eb ish-n\u00ebnpresidentit Joe Biden, i cili kryeson gar\u00ebn mes kandidat\u00ebve demokrat\u00eb p\u00ebr president.<\/p>\n<p>Gazeta shkruan se Presidenti i k\u00ebrkoi presidentit ukrainas tet\u00eb her\u00eb t\u00eb punoj\u00eb me avokatin e tij personal, Rudolph Giuliani, p\u00ebr t\u00eb hetuar rreth djalit t\u00eb zotit Biden.<\/p>\n<p>Zoti Giuliani ka th\u00ebn\u00eb se, kur ishte n\u00ebnpresident, zoti Biden \u00ebsht\u00eb p\u00ebrpjekur p\u00ebr shkarkimin e nj\u00eb prokurori ukrainas q\u00eb po hetonte rreth marr\u00ebdh\u00ebnieve t\u00eb biznesit t\u00eb djalit t\u00eb tij Hunter Biden n\u00eb Ukrain\u00eb. Zoti Biden dhe djali i tij e kan\u00eb mohuar akuz\u00ebn.<\/p>\n<p>\u00c7\u00ebshtja u b\u00eb publike pas njoftimit t\u00eb gazet\u00ebs Washington Post, e cila tha se ankesa e ngritur nga nj\u00eb informator i fsheht\u00eb i sh\u00ebrbimeve t\u00eb inteligjenc\u00ebs p\u00ebrfshinte Presidentin Donald Trump dhe Ukrain\u00ebn.<\/p>\n<p>Duke p\u00ebrmendur dy ish-zyrtar\u00eb amerikan\u00eb q\u00eb kan\u00eb dijeni mbi \u00e7\u00ebshtjen, gazeta raporton se zoti Trump i ka b\u00ebr\u00eb nj\u00eb &#8220;premtim&#8221; nj\u00eb udh\u00ebheq\u00ebsi t\u00eb huaj, q\u00eb me sa duket \u00ebsht\u00eb Presidenti i Ukrain\u00ebs Volodymyr Zelenskiy.<\/p>\n<p>T\u00eb dy president\u00ebt kan\u00eb patur nj\u00eb bised\u00eb telefonike dy jav\u00eb e gjysm\u00eb p\u00ebrpara se informatori t\u00eb paraqiste ankes\u00ebn m\u00eb 12 gusht tek Inspektori i P\u00ebrgjithsh\u00ebm i Komunitetit t\u00eb Zbulimit Michael Atkinson.<\/p>\n<p>Presidenti Trump do t\u00eb takohet me zotin Zelenskiy gjat\u00eb Asambles\u00eb s\u00eb P\u00ebrgjithshme t\u00eb OKB-s\u00eb n\u00eb Nju Jork.<\/p>\n<p>Telefonata e 25 korrikut mes dy udh\u00ebheq\u00ebsve \u00ebsht\u00eb n\u00ebn hetim nga tre komisione t\u00eb Dhom\u00ebs s\u00eb P\u00ebrfaq\u00ebsuesve ku demokrat\u00ebt kan\u00eb shumic\u00ebn. Ata duan t\u00eb din\u00eb n\u00ebse<\/p>\n<p>Presidenti Trump dhe avokati i tij Giuliani, jan\u00eb p\u00ebrpjekur t&#8217;i b\u00ebjn\u00eb trysni qeveris\u00eb s\u00eb Ukrain\u00ebs p\u00ebr t\u00eb ndihmuar fushat\u00ebn e zotit Trump p\u00ebr t&#8217;u rizgjedhur.<\/p>\n<p>I pyetur t\u00eb premten n\u00ebse e kishte p\u00ebrmendur zotin Biden n\u00eb bised\u00ebn me Presidentin ukrainas, Presidenti Trump u p\u00ebrgjigj: &#8220;Nuk ka r\u00ebnd\u00ebsi se \u00e7far\u00eb diskutova.&#8221; Ai e shfryt\u00ebzoi k\u00ebt\u00eb rast p\u00ebr t&#8217;i b\u00ebr\u00eb thirrje medias q\u00eb t\u00eb hetoj\u00eb rreth s\u00eb kaluar\u00ebs s\u00eb zotit Biden me Ukrain\u00ebn.<\/p>\n<p>Zakonisht \u00e7\u00ebshtjet shqet\u00ebsuese dhe urgjente q\u00eb konsiderohen t\u00eb besueshme duhet t\u2019i p\u00ebrcillen komisioneve p\u00ebrkat\u00ebse t\u00eb Kongresit, por sipas nj\u00eb komunikimi t\u00eb b\u00ebr\u00eb publik t\u00eb enjten, drejtori n\u00eb detyr\u00eb i Zbulimit Komb\u00ebtar Joseph Maguire, e kishte ndaluar zotin Atkinson ta b\u00ebnte k\u00ebt\u00eb gj\u00eb.<\/p>\n<p>Komisioni i Zbulimit i Dhom\u00ebs s\u00eb P\u00ebrfaq\u00ebsuesve zhvilloi t\u00eb enjten nj\u00eb seanc\u00eb tre-or\u00ebshe me dyer t\u00eb mbyllura me Inspektorin e P\u00ebrgjithsh\u00ebm p\u00ebr t\u00eb diskutuar \u00e7\u00ebshtjen. Pas k\u00ebsaj, kryetari i komisionit Adam Schiff u tha gazetar\u00ebve se drejtori i p\u00ebrkohsh\u00ebm i Zbulimit Komb\u00ebtar po nd\u00ebrhynte n\u00eb proces.<\/p>\n<p>N\u00eb nj\u00eb koment Twitter, Presidenti Trump e cil\u00ebsoi njoftimin si lajm t\u00eb rrem\u00eb, duke hedhur posht\u00eb pretendimet se ai i kishte premtuar di\u00e7ka nj\u00eb udh\u00ebheq\u00ebsi t\u00eb huaj.<\/p>\n","protected":false},"excerpt":{"rendered":"<p>Sipas nj\u00eb njoftimi t\u00eb gazet\u00ebs, Wall Street Journal, Presidenti Trump disa her\u00eb i ka k\u00ebrkuar presidentit ukrainas t\u00eb hetoj\u00eb rreth djalit t\u00eb ish-n\u00ebnpresidentit Joe Biden, i cili kryeson gar\u00ebn mes kandidat\u00ebve demokrat\u00eb p\u00ebr president. Gazeta shkruan se Presidenti i k\u00ebrkoi presidentit ukrainas tet\u00eb her\u00eb t\u00eb punoj\u00eb me avokatin e tij personal, Rudolph Giuliani, p\u00ebr t\u00eb [&hellip;]<\/p>\n","protected":false},"author":2013,"featured_media":108241,"comment_status":"open","ping_status":"closed","sticky":false,"template":"","format":"standard","meta":{"footnotes":""},"categories":[241,191],"tags":[],"class_list":{"0":"post-108240","1":"post","2":"type-post","3":"status-publish","4":"format-standard","5":"has-post-thumbnail","7":"category-aktualitet","8":"category-bota"},"_links":{"self":[{"href":"https:\/\/zjarr.tv\/sq\/wp-json\/wp\/v2\/posts\/108240","targetHints":{"allow":["GET"]}}],"collection":[{"href":"https:\/\/zjarr.tv\/sq\/wp-json\/wp\/v2\/posts"}],"about":[{"href":"https:\/\/zjarr.tv\/sq\/wp-json\/wp\/v2\/types\/post"}],"author":[{"embeddable":true,"href":"https:\/\/zjarr.tv\/sq\/wp-json\/wp\/v2\/users\/2013"}],"replies":[{"embeddable":true,"href":"https:\/\/zjarr.tv\/sq\/wp-json\/wp\/v2\/comments?post=108240"}],"version-history":[{"count":0,"href":"https:\/\/zjarr.tv\/sq\/wp-json\/wp\/v2\/posts\/108240\/revisions"}],"wp:featuredmedia":[{"embeddable":true,"href":"https:\/\/zjarr.tv\/sq\/wp-json\/wp\/v2\/media\/108241"}],"wp:attachment":[{"href":"https:\/\/zjarr.tv\/sq\/wp-json\/wp\/v2\/media?parent=108240"}],"wp:term":[{"taxonomy":"category","embeddable":true,"href":"https:\/\/zjarr.tv\/sq\/wp-json\/wp\/v2\/categories?post=108240"},{"taxonomy":"post_tag","embeddable":true,"href":"https:\/\/zjarr.tv\/sq\/wp-json\/wp\/v2\/tags?post=108240"}],"curies":[{"name":"wp","href":"https:\/\/api.w.org\/{rel}","templated":true}]}}