{"id":108258,"date":"2019-09-21T20:10:35","date_gmt":"2019-09-21T18:10:35","guid":{"rendered":"https:\/\/zjarr.tv\/?p=108258"},"modified":"2019-09-21T17:21:19","modified_gmt":"2019-09-21T15:21:19","slug":"foto-e-papublikuar-me-pare-si-dukeshin-hillary-dhe-bill-clinton-para-40-viteve","status":"publish","type":"post","link":"https:\/\/zjarr.tv\/sq\/foto-e-papublikuar-me-pare-si-dukeshin-hillary-dhe-bill-clinton-para-40-viteve\/","title":{"rendered":"Foto e papublikuar m\u00eb par\u00eb, si dukeshin Hillary dhe Bill Clinton para 40 viteve"},"content":{"rendered":"<p>Ish-Sekretarja amerikane e Shtetit, Hillary Clinton, ka publikuar n\u00eb Instagram nj\u00eb fotografi t\u00eb para 40 viteve. Ajo shihet bashk\u00eb me burrin e saj, ish-Presidentin amerikan, Bill Clinton.<\/p>\n<p>\u201cDuke e lexuar gazet\u00ebn s\u00eb bashku gjat\u00eb m\u00ebngjesit, n\u00eb vitin 1979\u201d, thuhet n\u00eb mbishkrimin e fotografis\u00eb q\u00eb Clinton e ka publikuar. Cifti shihen n\u00eb ambiente sht\u00ebpie n\u00eb nj\u00eb tryez\u00eb dhe duken se po kalonin mir\u00eb.<\/p>\n<p>Fotoja, sipas Clinton \u00ebsht\u00eb realizuar n\u00eb vitin 1979, nd\u00ebrsa ata jan\u00eb t\u00eb martuar q\u00eb nga viti 1975.<\/p>\n<figure id=\"attachment_1131057\" class=\"wp-caption aligncenter\"><a href=\"https:\/\/balkanweb.com\/wp-content\/uploads\/2019\/09\/auto_a1569003127.png\" rel=\"lightbox\"><img loading=\"lazy\" decoding=\"async\" class=\"size-full wp-image-1131057\" src=\"https:\/\/balkanweb.com\/wp-content\/uploads\/2019\/09\/auto_a1569003127.png\" sizes=\"auto, (max-width: 850px) 100vw, 850px\" srcset=\"https:\/\/balkanweb.com\/wp-content\/uploads\/2019\/09\/auto_a1569003127.png 850w, https:\/\/balkanweb.com\/wp-content\/uploads\/2019\/09\/auto_a1569003127-400x260.png 400w, https:\/\/balkanweb.com\/wp-content\/uploads\/2019\/09\/auto_a1569003127-768x500.png 768w, https:\/\/balkanweb.com\/wp-content\/uploads\/2019\/09\/auto_a1569003127-538x350.png 538w, https:\/\/balkanweb.com\/wp-content\/uploads\/2019\/09\/auto_a1569003127-370x241.png 370w, https:\/\/balkanweb.com\/wp-content\/uploads\/2019\/09\/auto_a1569003127-113x74.png 113w, https:\/\/balkanweb.com\/wp-content\/uploads\/2019\/09\/auto_a1569003127-692x450.png 692w\" alt=\"Auto A1569003127\" width=\"850\" height=\"553\" \/><\/a><\/figure>\n","protected":false},"excerpt":{"rendered":"<p>Ish-Sekretarja amerikane e Shtetit, Hillary Clinton, ka publikuar n\u00eb Instagram nj\u00eb fotografi t\u00eb para 40 viteve. Ajo shihet bashk\u00eb me burrin e saj, ish-Presidentin amerikan, Bill Clinton. \u201cDuke e lexuar gazet\u00ebn s\u00eb bashku gjat\u00eb m\u00ebngjesit, n\u00eb vitin 1979\u201d, thuhet n\u00eb mbishkrimin e fotografis\u00eb q\u00eb Clinton e ka publikuar. Cifti shihen n\u00eb ambiente sht\u00ebpie n\u00eb nj\u00eb [&hellip;]<\/p>\n","protected":false},"author":2013,"featured_media":108259,"comment_status":"open","ping_status":"closed","sticky":false,"template":"","format":"standard","meta":{"footnotes":""},"categories":[241,191],"tags":[],"class_list":{"0":"post-108258","1":"post","2":"type-post","3":"status-publish","4":"format-standard","5":"has-post-thumbnail","7":"category-aktualitet","8":"category-bota"},"_links":{"self":[{"href":"https:\/\/zjarr.tv\/sq\/wp-json\/wp\/v2\/posts\/108258","targetHints":{"allow":["GET"]}}],"collection":[{"href":"https:\/\/zjarr.tv\/sq\/wp-json\/wp\/v2\/posts"}],"about":[{"href":"https:\/\/zjarr.tv\/sq\/wp-json\/wp\/v2\/types\/post"}],"author":[{"embeddable":true,"href":"https:\/\/zjarr.tv\/sq\/wp-json\/wp\/v2\/users\/2013"}],"replies":[{"embeddable":true,"href":"https:\/\/zjarr.tv\/sq\/wp-json\/wp\/v2\/comments?post=108258"}],"version-history":[{"count":0,"href":"https:\/\/zjarr.tv\/sq\/wp-json\/wp\/v2\/posts\/108258\/revisions"}],"wp:featuredmedia":[{"embeddable":true,"href":"https:\/\/zjarr.tv\/sq\/wp-json\/wp\/v2\/media\/108259"}],"wp:attachment":[{"href":"https:\/\/zjarr.tv\/sq\/wp-json\/wp\/v2\/media?parent=108258"}],"wp:term":[{"taxonomy":"category","embeddable":true,"href":"https:\/\/zjarr.tv\/sq\/wp-json\/wp\/v2\/categories?post=108258"},{"taxonomy":"post_tag","embeddable":true,"href":"https:\/\/zjarr.tv\/sq\/wp-json\/wp\/v2\/tags?post=108258"}],"curies":[{"name":"wp","href":"https:\/\/api.w.org\/{rel}","templated":true}]}}