{"id":108274,"date":"2019-09-21T21:00:52","date_gmt":"2019-09-21T19:00:52","guid":{"rendered":"https:\/\/zjarr.tv\/?p=108274"},"modified":"2019-09-21T18:15:28","modified_gmt":"2019-09-21T16:15:28","slug":"protestat-mbi-ndryshimet-klimatike-gjermania-do-ti-vendosim-cmim-emetimit-te-karbonit","status":"publish","type":"post","link":"https:\/\/zjarr.tv\/sq\/protestat-mbi-ndryshimet-klimatike-gjermania-do-ti-vendosim-cmim-emetimit-te-karbonit\/","title":{"rendered":"Protestat mbi ndryshimet klimatike, Gjermania: Do t&#8217;i vendosim \u00e7mim emetimit t\u00eb karbonit"},"content":{"rendered":"<div class=\"readmore-text-here\">\n<p>Qeveria e kancelares gjermane, Angela Merkel \u00ebsht\u00eb pajtuar p\u00ebr t\u00eb vendosur nj\u00eb \u00e7mim n\u00eb emetimet e karbonit, teksa synon t\u00eb arrij\u00eb synimin p\u00ebr klim\u00ebn, ashtu q\u00eb deri m\u00eb 2030 t\u00eb zvog\u00eblohet lirimi i gazrave serr\u00eb p\u00ebr 55 p\u00ebr qind, p\u00ebrkat\u00ebsisht t\u00eb arrij\u00eb n\u00eb nivelin 1990.<\/p>\n<p>Pajtueshm\u00ebria p\u00ebr k\u00ebt\u00eb pako, q\u00eb pritet t\u00eb kushtoj\u00eb 54 miliard\u00eb euro deri m\u00eb 2023, \u00ebsht\u00eb arritur teksa protestuesit kan\u00eb dal\u00eb n\u00eb 500 qytete dhe qyteza gjermane p\u00ebr t\u00eb k\u00ebrkuar masa rreth ndryshimeve klimatike, sipas Rel.<\/p>\n<div id=\"rekl-28\"><\/div>\n<p>\u00c7el\u00ebsi i marr\u00ebveshjes \u00ebsht\u00eb v\u00ebnia e nj\u00eb \u00e7mimi p\u00ebr emetimet e dioksidit t\u00eb karbonit n\u00eb transport dhe nd\u00ebrtesa.<\/p>\n<div id=\"rekl-13\">\n<div id=\"__sap-ad-15\" class=\"__sap-ads __sap-html tracked\" data-title=\"Credins desktop 08\"><ins><\/p>\n<div id=\"beacon_11fd88a56c\"><img loading=\"lazy\" decoding=\"async\" src=\"https:\/\/ads1.medium.al\/www\/delivery\/lg.php?bannerid=373&amp;campaignid=48&amp;zoneid=182&amp;loc=https%3A%2F%2Fwww.syri.net%2Fbote%2F281825%2Fprotestat-mbi-ndryshimet-klimatike-gjermania-do-t-i-vendosim-cmim-emetimit-te-karbonit%2F&amp;referer=https%3A%2F%2Fwww.syri.net%2Fbote%2F&amp;cb=11fd88a56c\" alt=\"\" width=\"0\" height=\"0\" \/><\/div>\n<p><\/ins><\/div>\n<\/div>\n<div id=\"rekl-4\"><\/div>\n<p>Taksat n\u00eb udh\u00ebtimet e distancave t\u00eb gjata me tren pritet t\u00eb ulen nd\u00ebrkoh\u00eb q\u00eb do t\u00eb rriten ato t\u00eb transportit ajror.<\/p>\n<p>\u201cNe nuk po jetojm\u00eb n\u00eb m\u00ebnyr\u00eb t\u00eb q\u00ebndrueshme sot\u201d, ka th\u00ebn\u00eb kancelarja gjermane, Angela Merkel para gazetar\u00ebve, teksa mij\u00ebra persona kan\u00eb protestuar.<\/p>\n<p>Mir\u00ebpo l\u00ebvizja, \u2018T\u00eb Premtet p\u00ebr t\u00eb Ardhmen\u2019, ka refuzuar menj\u00ebher\u00eb k\u00ebt\u00eb marr\u00ebveshje t\u00eb ekonomis\u00eb m\u00eb t\u00eb madhe t\u00eb Evrop\u00ebs, duke e konsideruar joadekuate.<\/p>\n<\/div>\n<div id=\"rekl-33\"><\/div>\n","protected":false},"excerpt":{"rendered":"<p>Qeveria e kancelares gjermane, Angela Merkel \u00ebsht\u00eb pajtuar p\u00ebr t\u00eb vendosur nj\u00eb \u00e7mim n\u00eb emetimet e karbonit, teksa synon t\u00eb arrij\u00eb synimin p\u00ebr klim\u00ebn, ashtu q\u00eb deri m\u00eb 2030 t\u00eb zvog\u00eblohet lirimi i gazrave serr\u00eb p\u00ebr 55 p\u00ebr qind, p\u00ebrkat\u00ebsisht t\u00eb arrij\u00eb n\u00eb nivelin 1990. Pajtueshm\u00ebria p\u00ebr k\u00ebt\u00eb pako, q\u00eb pritet t\u00eb kushtoj\u00eb 54 miliard\u00eb [&hellip;]<\/p>\n","protected":false},"author":2013,"featured_media":50128,"comment_status":"open","ping_status":"closed","sticky":false,"template":"","format":"standard","meta":{"footnotes":""},"categories":[241,191],"tags":[],"class_list":{"0":"post-108274","1":"post","2":"type-post","3":"status-publish","4":"format-standard","5":"has-post-thumbnail","7":"category-aktualitet","8":"category-bota"},"_links":{"self":[{"href":"https:\/\/zjarr.tv\/sq\/wp-json\/wp\/v2\/posts\/108274","targetHints":{"allow":["GET"]}}],"collection":[{"href":"https:\/\/zjarr.tv\/sq\/wp-json\/wp\/v2\/posts"}],"about":[{"href":"https:\/\/zjarr.tv\/sq\/wp-json\/wp\/v2\/types\/post"}],"author":[{"embeddable":true,"href":"https:\/\/zjarr.tv\/sq\/wp-json\/wp\/v2\/users\/2013"}],"replies":[{"embeddable":true,"href":"https:\/\/zjarr.tv\/sq\/wp-json\/wp\/v2\/comments?post=108274"}],"version-history":[{"count":0,"href":"https:\/\/zjarr.tv\/sq\/wp-json\/wp\/v2\/posts\/108274\/revisions"}],"wp:featuredmedia":[{"embeddable":true,"href":"https:\/\/zjarr.tv\/sq\/wp-json\/wp\/v2\/media\/50128"}],"wp:attachment":[{"href":"https:\/\/zjarr.tv\/sq\/wp-json\/wp\/v2\/media?parent=108274"}],"wp:term":[{"taxonomy":"category","embeddable":true,"href":"https:\/\/zjarr.tv\/sq\/wp-json\/wp\/v2\/categories?post=108274"},{"taxonomy":"post_tag","embeddable":true,"href":"https:\/\/zjarr.tv\/sq\/wp-json\/wp\/v2\/tags?post=108274"}],"curies":[{"name":"wp","href":"https:\/\/api.w.org\/{rel}","templated":true}]}}