{"id":108280,"date":"2019-09-21T21:20:49","date_gmt":"2019-09-21T19:20:49","guid":{"rendered":"https:\/\/zjarr.tv\/?p=108280"},"modified":"2019-09-21T18:17:59","modified_gmt":"2019-09-21T16:17:59","slug":"i-emeruari-i-trumpit-zotohet-per-pavaresine-e-mediave-qeveritare-amerikane-2","status":"publish","type":"post","link":"https:\/\/zjarr.tv\/sq\/i-emeruari-i-trumpit-zotohet-per-pavaresine-e-mediave-qeveritare-amerikane-2\/","title":{"rendered":"I em\u00ebruari i Trumpit zotohet p\u00ebr pavar\u00ebsin\u00eb e mediave qeveritare amerikane"},"content":{"rendered":"<p>Michael Pack, nj\u00eb producent konservator filmash i propozuar p\u00ebr t\u00eb drejtuar Agjensin\u00eb e Shteteve t\u00eb Bashkuara p\u00ebr Mediat Globale (USAGM), d\u00ebshmoi t\u00eb enjten n\u00eb nj\u00eb seanc\u00eb konfirmimi n\u00eb Senat. Korrespondenti i Z\u00ebrit t\u00eb Amerik\u00ebs, Brian Padden, njofton se i em\u00ebruari iu p\u00ebrgjigj shqet\u00ebsimeve se Presidenti Donald Trump mund t\u00eb imponoj\u00eb anshm\u00ebri politike tek agjensit\u00eb qeveritare t\u00eb lajmeve, si\u00e7 \u00ebsht\u00eb Z\u00ebri i Amerik\u00ebs, p\u00ebr t\u00eb cilin legjislacioni amerikan p\u00ebrcakton se duhet t\u00eb jet\u00eb objektiv dhe i balancuar n\u00eb raportimet e tij.<\/p>\n<div id=\"sovrn\" class=\"desktop_ad ad_bottom_space\"><ins><\/ins><\/p>\n<div id=\"onetag-wrapper-3\" class=\"sovrn-onetag-ad\"><\/div>\n<\/div>\n<p>T\u00eb enjten, Michael Pack i tha Komisionit t\u00eb Senatit p\u00ebr Marr\u00ebdh\u00ebniet me Jasht\u00eb, se ai do t\u00eb siguroj\u00eb pavar\u00ebsin\u00eb mediatike n\u00eb Agjensin\u00eb e Shteteve t\u00eb Bashkuara p\u00ebr Mediat Globale (USAGM), agjensia q\u00eb mbikqyr edhe Z\u00ebrin e Amerik\u00ebs, n\u00ebse do t\u00eb konfirmohet n\u00eb detyr\u00eb si i pari Drejtor Ekzekutiv i k\u00ebsaj organizate i caktuar nga administrata Trump.<\/p>\n<p>\u201cE gjith\u00eb agjensia mb\u00ebshtet tek besimi se gazetar\u00ebt jan\u00eb t\u00eb pavarur, se asnj\u00eb influenc\u00eb politike nuk po u dikton se si t\u00eb njoftojn\u00eb p\u00ebr zhvillimet dhe se \u00e7far\u00eb duhet t\u00eb thon\u00eb. Pa k\u00ebt\u00eb mir\u00ebbesim, mendoj se agjensia \u00ebsht\u00eb t\u00ebr\u00ebsisht e minuar\u201d, u tha senator\u00ebve i propozuari i Presidentit Trump n\u00eb detyr\u00ebn e drejtorit t\u00eb USAGM, zoti Michael Pack.<\/p>\n<p>Zoti Pack ka prodhuar dokumentar\u00eb, ka drejtuar Institutin Claremont, nj\u00eb organizat\u00eb konservatore me seli n\u00eb Kaliforni, si dhe ka denoncuar nj\u00ebanshm\u00ebrin\u00eb liberale t\u00eb perceptuar n\u00eb industrin\u00eb e filmave.<\/p>\n<p>Me nj\u00eb buxhet vjetor prej 628 milion\u00eb dollar\u00ebsh, USAGM mbikqyr t\u00eb gjitha organizatat nd\u00ebrkomb\u00ebtare t\u00eb lajmeve t\u00eb financuara nga qeveria, t\u00eb cilat transmetojn\u00eb n\u00eb 100 vende dhe kan\u00eb nj\u00eb audienc\u00eb prej rreth 345 milion\u00eb njer\u00ebzish.<\/p>\n<p>K\u00ebtu p\u00ebrfshihet edhe Z\u00ebri i Amerik\u00ebs q\u00eb transmeton n\u00eb mbi 40 gjuh\u00eb n\u00eb mbar\u00eb bot\u00ebn, TV dhe Radio Marti q\u00eb transmeton n\u00eb Kub\u00eb, rrjetet n\u00eb gjuh\u00ebn arabe Alhurra TV dhe radio Sawa, si dhe Radio Evropa e Lir\u00eb, Radio Liria dhe Radio Azia e Lir\u00eb.<\/p>\n<p>Karta e Z\u00ebrit t\u00eb Amerik\u00ebs, e miratuar me ligj n\u00eb vitin 1976, si dhe Ligji p\u00ebr Transmetimet Nd\u00ebrkomb\u00ebtare, p\u00ebrcaktojn\u00eb se t\u00eb gjitha transmetimet qeveritare duhet t\u2019u p\u00ebrmbahen standarteve strikte mediatike, p\u00ebr t\u00eb cilat mb\u00ebshtet\u00ebsit e shtypit t\u00eb lir\u00eb thon\u00eb se jan\u00eb thelb\u00ebsore p\u00ebr t\u00eb qen\u00eb nj\u00eb burim i besuesh\u00ebm lajmesh p\u00ebr audiencat nd\u00ebrkomb\u00ebtare.<\/p>\n<p>\u201cNuk \u00ebsht\u00eb fjala p\u00ebr nj\u00eb media shtet\u00ebrore q\u00eb tregon vet\u00ebm nj\u00ebr\u00ebn an\u00eb t\u00eb \u00e7\u00ebshtjes, si\u00e7 ndodh shpesh me mediat shtet\u00ebrore n\u00eb vende t\u00eb tjera\u201d, i tha Z\u00ebrit t\u00eb Amerik\u00ebs, Al Tompkins, i Institutit Pointer.<\/p>\n<p>Ligjv\u00ebn\u00ebsit republikan\u00eb dhe demokrat\u00eb mb\u00ebshtesin misionin mediatik t\u00eb k\u00ebtyre agjensive, thot\u00eb nj\u00eb ish-drejtues i Z\u00ebrit t\u00eb Amerik\u00ebs.<\/p>\n<p>\u201cLigjv\u00ebn\u00ebsit kan\u00eb mb\u00ebshtetur gjithnj\u00eb transmetimet e Z\u00ebrit t\u00eb Amerik\u00ebs dhe agjensit\u00eb e tjera, pasi i njohin vlerat e t\u00eb paturit nj\u00eb burim lajmesh tek i cili mund t\u00eb mb\u00ebshteten njer\u00ebzit dhe audiencat n\u00eb bot\u00eb\u201d, thot\u00eb David Jackson, ish-drejtor i Z\u00ebrit t\u00eb Amerik\u00ebs.<\/p>\n<p>Disa prej kritik\u00ebve t\u00eb Presidentit Trump kan\u00eb ngritur shqet\u00ebsimin se ai mund t\u00eb p\u00ebrpiqet t\u2019i kthej\u00eb k\u00ebto agjensi n\u00eb makineri t\u00eb nj\u00ebanshme propagandistike p\u00ebr politikat e administrat\u00ebs s\u00eb tij.<\/p>\n<div id=\"videoad\"><\/div>\n<div id=\"pa_1x1_psbk_1569082635456\"><\/div>\n<p>Kreu demokrat n\u00eb k\u00ebt\u00eb komision, Senatori Bob Menendez, ngriti pik\u00ebpyetje rreth marr\u00ebdh\u00ebnies s\u00eb zotit Pack me Steve Bannon, ish-strategu kryesor n\u00eb Sht\u00ebpin\u00eb e Bardh\u00eb p\u00ebr Presidentin Trump, nj\u00ebkoh\u00ebsisht edhe ish-drejtues i Breitbart News, nj\u00eb organ vendas q\u00eb perceptohet gjer\u00ebsisht si nxit\u00ebs i nacionalizmit dhe kauzave konservatore.<\/p>\n<p>Ata kan\u00eb punuar s\u00eb bashku p\u00ebr dokumentar\u00eb ku shqyrtohet \u00e7\u00ebshtje si lufta n\u00eb Irak, apo energjia b\u00ebrthamore.<\/p>\n<p>Senatori Menendez e pyeti zotin Pack se si do t\u2019i mbroj\u00eb ai gazetar\u00ebt e agjensis\u00eb nga presioni politik. Pyetjes s\u00eb Senatorit n\u00ebse ai do t\u00eb ishte n\u00eb gjendje t\u00eb thoshte \u201cjo\u201d, zoti Pack iu p\u00ebrgjigj se \u201ck\u00ebshtu mendoj. Kam th\u00ebn\u00eb \u2018jo\u2019 edhe m\u00eb par\u00eb\u201d.<\/p>\n<p>Edhe n\u00ebse do t\u00eb qart\u00ebsohen shqet\u00ebsimet gazetareske, em\u00ebrimi i zotit Pack mund t\u00eb vonohet m\u00eb tej prej kontrollit t\u00eb imt\u00ebsish\u00ebm t\u00eb historikut t\u00eb tij, si dhe nga radha e gjat\u00eb e em\u00ebrimeve t\u00eb prapambetura n\u00eb Senat q\u00eb presin t\u00eb konfirmohen me votim nga senator\u00ebt.<\/p>\n","protected":false},"excerpt":{"rendered":"<p>Michael Pack, nj\u00eb producent konservator filmash i propozuar p\u00ebr t\u00eb drejtuar Agjensin\u00eb e Shteteve t\u00eb Bashkuara p\u00ebr Mediat Globale (USAGM), d\u00ebshmoi t\u00eb enjten n\u00eb nj\u00eb seanc\u00eb konfirmimi n\u00eb Senat. Korrespondenti i Z\u00ebrit t\u00eb Amerik\u00ebs, Brian Padden, njofton se i em\u00ebruari iu p\u00ebrgjigj shqet\u00ebsimeve se Presidenti Donald Trump mund t\u00eb imponoj\u00eb anshm\u00ebri politike tek agjensit\u00eb qeveritare [&hellip;]<\/p>\n","protected":false},"author":2013,"featured_media":108281,"comment_status":"open","ping_status":"closed","sticky":false,"template":"","format":"standard","meta":{"footnotes":""},"categories":[241,191],"tags":[],"class_list":{"0":"post-108280","1":"post","2":"type-post","3":"status-publish","4":"format-standard","5":"has-post-thumbnail","7":"category-aktualitet","8":"category-bota"},"_links":{"self":[{"href":"https:\/\/zjarr.tv\/sq\/wp-json\/wp\/v2\/posts\/108280","targetHints":{"allow":["GET"]}}],"collection":[{"href":"https:\/\/zjarr.tv\/sq\/wp-json\/wp\/v2\/posts"}],"about":[{"href":"https:\/\/zjarr.tv\/sq\/wp-json\/wp\/v2\/types\/post"}],"author":[{"embeddable":true,"href":"https:\/\/zjarr.tv\/sq\/wp-json\/wp\/v2\/users\/2013"}],"replies":[{"embeddable":true,"href":"https:\/\/zjarr.tv\/sq\/wp-json\/wp\/v2\/comments?post=108280"}],"version-history":[{"count":0,"href":"https:\/\/zjarr.tv\/sq\/wp-json\/wp\/v2\/posts\/108280\/revisions"}],"wp:featuredmedia":[{"embeddable":true,"href":"https:\/\/zjarr.tv\/sq\/wp-json\/wp\/v2\/media\/108281"}],"wp:attachment":[{"href":"https:\/\/zjarr.tv\/sq\/wp-json\/wp\/v2\/media?parent=108280"}],"wp:term":[{"taxonomy":"category","embeddable":true,"href":"https:\/\/zjarr.tv\/sq\/wp-json\/wp\/v2\/categories?post=108280"},{"taxonomy":"post_tag","embeddable":true,"href":"https:\/\/zjarr.tv\/sq\/wp-json\/wp\/v2\/tags?post=108280"}],"curies":[{"name":"wp","href":"https:\/\/api.w.org\/{rel}","templated":true}]}}