{"id":108297,"date":"2019-09-22T13:40:44","date_gmt":"2019-09-22T11:40:44","guid":{"rendered":"https:\/\/zjarr.tv\/?p=108297"},"modified":"2019-09-22T13:40:44","modified_gmt":"2019-09-22T11:40:44","slug":"u-hodh-nga-ballkoni-me-djalin-e-mitur-ne-krah-nena-rrefen-tmerrin-termeti-na-shkaterroi-shtepine","status":"publish","type":"post","link":"https:\/\/zjarr.tv\/sq\/u-hodh-nga-ballkoni-me-djalin-e-mitur-ne-krah-nena-rrefen-tmerrin-termeti-na-shkaterroi-shtepine\/","title":{"rendered":"U hodh nga ballkoni me djalin e mitur n\u00eb krah, n\u00ebna rr\u00ebfen tmerrin: T\u00ebrmeti na shkat\u00ebrroi sht\u00ebpin\u00eb"},"content":{"rendered":"<div class=\"readmore-text-here\">\n<p>Nj\u00eb grua e l\u00ebnduar nga t\u00ebrmeti i fuqish\u00ebm n\u00eb Tiran\u00eb ka rr\u00ebfyer panikun \u00a0e saj dhe t\u00eb f\u00ebmijv\u00eb t\u00eb saj p\u00ebr\u00a0\u201cNews 24\u201d.<\/p>\n<p>Duke mos dashur t\u00eb tregoj\u00eb fytyr\u00ebn, e l\u00ebnduara tha se ndodhej brenda sht\u00ebpis\u00eb, kur f\u00ebmij\u00ebt kishin filluar t\u00eb b\u00ebrtisnin.<\/p>\n<div id=\"rekl-28\"><\/div>\n<p>Ajo tregoi\u00a0se kishte kapur menj\u00ebher\u00eb n\u00eb krah \u00e7unin e mitur dhe goc\u00ebn dhe ishte hedhur nga ballkoni.<\/p>\n<div id=\"rekl-13\">\n<div id=\"__sap-ad-15\" class=\"__sap-ads __sap-html tracked\" data-title=\"Credins desktop 08\"><ins><\/p>\n<div id=\"beacon_1735896702\"><img loading=\"lazy\" decoding=\"async\" src=\"https:\/\/ads1.medium.al\/www\/delivery\/lg.php?bannerid=373&amp;campaignid=48&amp;zoneid=182&amp;loc=https%3A%2F%2Fwww.syri.net%2Fkronike%2F282062%2Fu-hodh-nga-ballkoni-me-djalin-e-mitur-ne-krah-nena-rrefen-tmerrin-termeti-na-shkaterroi-shtepine%2F&amp;referer=https%3A%2F%2Fwww.syri.net%2Flajme%2F&amp;cb=1735896702\" alt=\"\" width=\"0\" height=\"0\" \/><\/div>\n<p><\/ins><\/div>\n<\/div>\n<p><strong>Ku ndodheshit kur ra t\u00ebrmet?<\/strong><\/p>\n<p>Brenda n\u00eb sht\u00ebpi, filluan t\u00eb b\u00ebrtisnin f\u00ebmij\u00ebt. Kapa n\u00eb krah \u00e7unin dhe goc\u00ebn dhe u hodha nga ballkoni. Sht\u00ebpia vende-vende \u00ebsht\u00eb \u00e7ar\u00eb.<\/p>\n<p><strong>Po f\u00ebmij\u00ebt kan\u00eb pas l\u00ebndime?<\/strong><\/p>\n<p>Jo, vet\u00ebm se jan\u00eb trembur, jan\u00eb traumatizuar. F\u00ebmij\u00ebt kan\u00eb pas m\u00eb shum\u00eb d\u00ebmtime psikologjike. Banesa \u00ebsht\u00eb nj\u00eb kat\u00ebshe.<\/p>\n<p><strong>Ka persona t\u00eb tjer\u00eb t\u00eb l\u00ebnduar?<\/strong><\/p>\n<p>Nuk e di, thon\u00eb q\u00eb ka, m\u00eb shum\u00eb nga frika. Ashtu si\u00e7 dola dhe un\u00eb.<\/p>\n<p><strong>Sa f\u00ebmij\u00eb keni, banesa juaj \u00ebsht\u00eb e banueshme?<\/strong><\/p>\n<p>Jo, mbr\u00ebm\u00eb kemi ndenjur deri von\u00eb jasht\u00eb, pastaj kemi shkuar t\u00eb flem\u00eb te n\u00ebna. F\u00ebmij\u00ebt jan\u00eb te komshinjt\u00eb. Goca nuk ka v\u00ebn\u00eb gjum\u00eb n\u00eb sy fare.<\/p>\n<\/div>\n<div id=\"rekl-33\"><\/div>\n","protected":false},"excerpt":{"rendered":"<p>Nj\u00eb grua e l\u00ebnduar nga t\u00ebrmeti i fuqish\u00ebm n\u00eb Tiran\u00eb ka rr\u00ebfyer panikun \u00a0e saj dhe t\u00eb f\u00ebmijv\u00eb t\u00eb saj p\u00ebr\u00a0\u201cNews 24\u201d. Duke mos dashur t\u00eb tregoj\u00eb fytyr\u00ebn, e l\u00ebnduara tha se ndodhej brenda sht\u00ebpis\u00eb, kur f\u00ebmij\u00ebt kishin filluar t\u00eb b\u00ebrtisnin. Ajo tregoi\u00a0se kishte kapur menj\u00ebher\u00eb n\u00eb krah \u00e7unin e mitur dhe goc\u00ebn dhe ishte [&hellip;]<\/p>\n","protected":false},"author":2013,"featured_media":67195,"comment_status":"open","ping_status":"closed","sticky":false,"template":"","format":"standard","meta":{"footnotes":""},"categories":[241,235],"tags":[],"class_list":{"0":"post-108297","1":"post","2":"type-post","3":"status-publish","4":"format-standard","5":"has-post-thumbnail","7":"category-aktualitet","8":"category-vendi"},"_links":{"self":[{"href":"https:\/\/zjarr.tv\/sq\/wp-json\/wp\/v2\/posts\/108297","targetHints":{"allow":["GET"]}}],"collection":[{"href":"https:\/\/zjarr.tv\/sq\/wp-json\/wp\/v2\/posts"}],"about":[{"href":"https:\/\/zjarr.tv\/sq\/wp-json\/wp\/v2\/types\/post"}],"author":[{"embeddable":true,"href":"https:\/\/zjarr.tv\/sq\/wp-json\/wp\/v2\/users\/2013"}],"replies":[{"embeddable":true,"href":"https:\/\/zjarr.tv\/sq\/wp-json\/wp\/v2\/comments?post=108297"}],"version-history":[{"count":0,"href":"https:\/\/zjarr.tv\/sq\/wp-json\/wp\/v2\/posts\/108297\/revisions"}],"wp:featuredmedia":[{"embeddable":true,"href":"https:\/\/zjarr.tv\/sq\/wp-json\/wp\/v2\/media\/67195"}],"wp:attachment":[{"href":"https:\/\/zjarr.tv\/sq\/wp-json\/wp\/v2\/media?parent=108297"}],"wp:term":[{"taxonomy":"category","embeddable":true,"href":"https:\/\/zjarr.tv\/sq\/wp-json\/wp\/v2\/categories?post=108297"},{"taxonomy":"post_tag","embeddable":true,"href":"https:\/\/zjarr.tv\/sq\/wp-json\/wp\/v2\/tags?post=108297"}],"curies":[{"name":"wp","href":"https:\/\/api.w.org\/{rel}","templated":true}]}}