{"id":108303,"date":"2019-09-22T13:42:50","date_gmt":"2019-09-22T11:42:50","guid":{"rendered":"https:\/\/zjarr.tv\/?p=108303"},"modified":"2019-09-22T13:42:50","modified_gmt":"2019-09-22T11:42:50","slug":"termeti-ne-shqiperi-reagon-hahn-be-aktivizoi-mbrojtjen-civile","status":"publish","type":"post","link":"https:\/\/zjarr.tv\/sq\/termeti-ne-shqiperi-reagon-hahn-be-aktivizoi-mbrojtjen-civile\/","title":{"rendered":"T\u00ebrmeti n\u00eb Shqip\u00ebri, reagon Hahn: BE aktivizoi mbrojtjen civile"},"content":{"rendered":"<p>T\u00ebrmeti i r\u00ebnd\u00eb q\u00eb ra n\u00eb Shqip\u00ebri n\u00eb or\u00ebn 16:05 t\u00eb dit\u00ebs s\u00eb djeshme, 21 shtator, ka sjell\u00eb edhe reagimin e komisionerit t\u00eb Zgjerimit, Johannes Hahn.<\/p>\n<p>Me nj\u00eb mesazh n\u00eb Twitter, Hahn shprehet se ndihet i trishtuar.<\/p>\n<div id=\"rekl-28\"><\/div>\n<p>Hahn ka k\u00ebrkuar q\u00eb BE-ja t\u00eb aktivizoj\u00eb ndihm\u00ebn civile p\u00ebr Shqip\u00ebrin\u00eb.<\/p>\n<div id=\"rekl-13\">\n<div id=\"__sap-ad-15\" class=\"__sap-ads __sap-html tracked\" data-title=\"Credins desktop 08\"><ins><\/p>\n<div id=\"beacon_b7579180d7\"><img loading=\"lazy\" decoding=\"async\" src=\"https:\/\/ads1.medium.al\/www\/delivery\/lg.php?bannerid=373&amp;campaignid=48&amp;zoneid=182&amp;loc=https%3A%2F%2Fwww.syri.net%2Fpolitike%2F282095%2Ftermeti-ne-shqiperi-reagon-hahn-be-aktivizoi-mbrojtjen-civile%2F&amp;referer=https%3A%2F%2Fwww.syri.net%2Flajme%2F&amp;cb=b7579180d7\" alt=\"\" width=\"0\" height=\"0\" \/><\/div>\n<p><\/ins><\/div>\n<\/div>\n<p><strong>Reagimi i plot\u00eb i Johannes Hahn:<\/strong><\/p>\n<p><em>\u2018I trishtuar dhe i shqet\u00ebsuar t\u00eb m\u00ebsoja p\u00ebr l\u00ebkundjet e vazhdueshme t\u00eb t\u00ebrmetit n\u00eb Shqip\u00ebri t\u00eb cilat kan\u00eb l\u00ebnduar m\u00eb shum\u00eb se 100 persona dhe kan\u00eb shkaktuar d\u00ebme serioze p\u00ebr infrastruktur\u00ebn.<\/em><\/p>\n<p><em>BE ofron menj\u00ebher\u00eb ndihm\u00eb p\u00ebrmes \u2018EU CivilProtection Mechanism\u2019.<\/em><\/p>\n<p><img decoding=\"async\" src=\"https:\/\/www.syri.net\/uploads\/syri.net\/images\/2019\/September\/22\/auto_Screenshot_131569146845.jpg\" alt=\"Image\" \/><\/p>\n","protected":false},"excerpt":{"rendered":"<p>T\u00ebrmeti i r\u00ebnd\u00eb q\u00eb ra n\u00eb Shqip\u00ebri n\u00eb or\u00ebn 16:05 t\u00eb dit\u00ebs s\u00eb djeshme, 21 shtator, ka sjell\u00eb edhe reagimin e komisionerit t\u00eb Zgjerimit, Johannes Hahn. Me nj\u00eb mesazh n\u00eb Twitter, Hahn shprehet se ndihet i trishtuar. Hahn ka k\u00ebrkuar q\u00eb BE-ja t\u00eb aktivizoj\u00eb ndihm\u00ebn civile p\u00ebr Shqip\u00ebrin\u00eb. Reagimi i plot\u00eb i Johannes Hahn: \u2018I [&hellip;]<\/p>\n","protected":false},"author":2013,"featured_media":62692,"comment_status":"open","ping_status":"closed","sticky":false,"template":"","format":"standard","meta":{"footnotes":""},"categories":[241,235],"tags":[],"class_list":{"0":"post-108303","1":"post","2":"type-post","3":"status-publish","4":"format-standard","5":"has-post-thumbnail","7":"category-aktualitet","8":"category-vendi"},"_links":{"self":[{"href":"https:\/\/zjarr.tv\/sq\/wp-json\/wp\/v2\/posts\/108303","targetHints":{"allow":["GET"]}}],"collection":[{"href":"https:\/\/zjarr.tv\/sq\/wp-json\/wp\/v2\/posts"}],"about":[{"href":"https:\/\/zjarr.tv\/sq\/wp-json\/wp\/v2\/types\/post"}],"author":[{"embeddable":true,"href":"https:\/\/zjarr.tv\/sq\/wp-json\/wp\/v2\/users\/2013"}],"replies":[{"embeddable":true,"href":"https:\/\/zjarr.tv\/sq\/wp-json\/wp\/v2\/comments?post=108303"}],"version-history":[{"count":0,"href":"https:\/\/zjarr.tv\/sq\/wp-json\/wp\/v2\/posts\/108303\/revisions"}],"wp:featuredmedia":[{"embeddable":true,"href":"https:\/\/zjarr.tv\/sq\/wp-json\/wp\/v2\/media\/62692"}],"wp:attachment":[{"href":"https:\/\/zjarr.tv\/sq\/wp-json\/wp\/v2\/media?parent=108303"}],"wp:term":[{"taxonomy":"category","embeddable":true,"href":"https:\/\/zjarr.tv\/sq\/wp-json\/wp\/v2\/categories?post=108303"},{"taxonomy":"post_tag","embeddable":true,"href":"https:\/\/zjarr.tv\/sq\/wp-json\/wp\/v2\/tags?post=108303"}],"curies":[{"name":"wp","href":"https:\/\/api.w.org\/{rel}","templated":true}]}}