{"id":108305,"date":"2019-09-22T13:43:41","date_gmt":"2019-09-22T11:43:41","guid":{"rendered":"https:\/\/zjarr.tv\/?p=108305"},"modified":"2019-09-22T13:43:41","modified_gmt":"2019-09-22T11:43:41","slug":"edhe-kuvendit-i-cahet-muri-nga-termeti","status":"publish","type":"post","link":"https:\/\/zjarr.tv\/sq\/edhe-kuvendit-i-cahet-muri-nga-termeti\/","title":{"rendered":"Edhe Kuvendit i \u00e7ahet muri nga t\u00ebrmeti"},"content":{"rendered":"<p>Edhe godina e Kuvendit t\u00eb Shqip\u00ebris\u00eb \u00ebsht\u00eb prekur nga t\u00ebrmeti i fuqish\u00ebm i pasdites s\u00eb djeshme.<\/p>\n<p>Si pasoj\u00eb e l\u00ebkundjeve ka \u00e7arje t\u00eb murit q\u00eb dallohen edhe jasht\u00eb.<\/p>\n<div id=\"rekl-28\"><\/div>\n<p>Kjo \u00ebsht\u00eb nj\u00eb foto nga muri i jasht\u00ebm i godin\u00ebs ku duket nj\u00eb plasaritje e leht\u00eb.<\/p>\n<div id=\"rekl-13\">\n<div id=\"__sap-ad-15\" class=\"__sap-ads __sap-html tracked\" data-title=\"Credins desktop 08\"><ins><\/p>\n<div id=\"beacon_5dfc622a5a\"><img loading=\"lazy\" decoding=\"async\" src=\"https:\/\/ads1.medium.al\/www\/delivery\/lg.php?bannerid=373&amp;campaignid=48&amp;zoneid=182&amp;loc=https%3A%2F%2Fwww.syri.net%2Fpolitike%2F282092%2Ffoto-edhe-kuvendit-i-cahet-muri-nga-termeti%2F&amp;referer=https%3A%2F%2Fwww.syri.net%2Flajme%2F&amp;cb=5dfc622a5a\" alt=\"\" width=\"0\" height=\"0\" \/><\/div>\n<p><\/ins><\/div>\n<\/div>\n<div id=\"rekl-4\"><\/div>\n<p><img decoding=\"async\" src=\"https:\/\/www.syri.net\/uploads\/syri.net\/images\/2019\/September\/22\/auto_5d873ec0b5459kuvendi1569145460.jpg\" alt=\"Image\" \/><\/p>\n","protected":false},"excerpt":{"rendered":"<p>Edhe godina e Kuvendit t\u00eb Shqip\u00ebris\u00eb \u00ebsht\u00eb prekur nga t\u00ebrmeti i fuqish\u00ebm i pasdites s\u00eb djeshme. Si pasoj\u00eb e l\u00ebkundjeve ka \u00e7arje t\u00eb murit q\u00eb dallohen edhe jasht\u00eb. Kjo \u00ebsht\u00eb nj\u00eb foto nga muri i jasht\u00ebm i godin\u00ebs ku duket nj\u00eb plasaritje e leht\u00eb.<\/p>\n","protected":false},"author":2013,"featured_media":108307,"comment_status":"open","ping_status":"closed","sticky":false,"template":"","format":"standard","meta":{"footnotes":""},"categories":[241,235],"tags":[],"class_list":{"0":"post-108305","1":"post","2":"type-post","3":"status-publish","4":"format-standard","5":"has-post-thumbnail","7":"category-aktualitet","8":"category-vendi"},"_links":{"self":[{"href":"https:\/\/zjarr.tv\/sq\/wp-json\/wp\/v2\/posts\/108305","targetHints":{"allow":["GET"]}}],"collection":[{"href":"https:\/\/zjarr.tv\/sq\/wp-json\/wp\/v2\/posts"}],"about":[{"href":"https:\/\/zjarr.tv\/sq\/wp-json\/wp\/v2\/types\/post"}],"author":[{"embeddable":true,"href":"https:\/\/zjarr.tv\/sq\/wp-json\/wp\/v2\/users\/2013"}],"replies":[{"embeddable":true,"href":"https:\/\/zjarr.tv\/sq\/wp-json\/wp\/v2\/comments?post=108305"}],"version-history":[{"count":0,"href":"https:\/\/zjarr.tv\/sq\/wp-json\/wp\/v2\/posts\/108305\/revisions"}],"wp:featuredmedia":[{"embeddable":true,"href":"https:\/\/zjarr.tv\/sq\/wp-json\/wp\/v2\/media\/108307"}],"wp:attachment":[{"href":"https:\/\/zjarr.tv\/sq\/wp-json\/wp\/v2\/media?parent=108305"}],"wp:term":[{"taxonomy":"category","embeddable":true,"href":"https:\/\/zjarr.tv\/sq\/wp-json\/wp\/v2\/categories?post=108305"},{"taxonomy":"post_tag","embeddable":true,"href":"https:\/\/zjarr.tv\/sq\/wp-json\/wp\/v2\/tags?post=108305"}],"curies":[{"name":"wp","href":"https:\/\/api.w.org\/{rel}","templated":true}]}}