{"id":108310,"date":"2019-09-22T13:46:01","date_gmt":"2019-09-22T11:46:01","guid":{"rendered":"https:\/\/zjarr.tv\/?p=108310"},"modified":"2019-09-22T13:46:01","modified_gmt":"2019-09-22T11:46:01","slug":"nje-nate-ankthi-mjekja-jep-lajmin-e-bukur-pritem-15-bebusha-te-bukur","status":"publish","type":"post","link":"https:\/\/zjarr.tv\/sq\/nje-nate-ankthi-mjekja-jep-lajmin-e-bukur-pritem-15-bebusha-te-bukur\/","title":{"rendered":"Nj\u00eb nat\u00eb ankthi, mjekja jep lajmin e bukur: Prit\u00ebm 15 bebusha t\u00eb bukur"},"content":{"rendered":"<p>Jo pak frik\u00eb dhe panik tek qytetar\u00ebt ka shkaktuar dje t\u00ebrmeti q\u00eb l\u00ebkundi vendin, duke b\u00ebr\u00eb q\u00eb nj\u00eb pjes\u00eb e qytetar\u00ebve ta kalojn\u00eb nat\u00ebn jasht\u00eb.<\/p>\n<p>Por p\u00ebr t\u00eb inkurajuar n\u00ebnat e reja n\u00eb nj\u00eb dit\u00eb si ajo e djeshmeja, mjek\u00ebt dhe infermier\u00ebt e maternitetit \u2018Ko\u00e7o Gliozheni\u2019, u shfaq\u00ebn duke k\u00ebrcyer dhe arg\u00ebtuar.<\/p>\n<p>Ishte mjekja Anika Dokle e cila publikoi videon n\u00eb rrjetet sociale, nd\u00ebrkoh\u00eb q\u00eb sot ka dh\u00ebn\u00eb lajmin e bukur duk\u00eb shkruar q\u00eb 15 bebusha erdh\u00ebn n\u00eb jet\u00eb.<\/p>\n<div id=\"rekl-13\">\n<div id=\"__sap-ad-15\" class=\"__sap-ads __sap-html tracked\" data-title=\"Credins desktop 08\"><ins><\/p>\n<div id=\"beacon_aea50ac6e0\"><\/div>\n<p><\/ins><\/div>\n<\/div>\n<p><em>\u2018Pun\u00eb dhe mision.<\/em><\/p>\n<p><em>Prit\u00ebm 15 bebusha si drita e yllit gjat\u00eb nj\u00eb dite ku p\u00ebrmasa njer\u00ebzore u ngrit n\u00eb nj\u00eb nivel tjet\u00ebr.<\/em><\/p>\n<p><em>I gjith\u00eb personeli mjek\u00ebsor dhe infermieristik n\u00eb k\u00ebmb\u00eb n\u00eb mbrojte t\u00eb jet\u00ebs, pa l\u00ebvizur asnj\u00eb minut\u00eb nga grat\u00eb, n\u00ebnat dhe bebet.<\/em><\/p>\n<p><em>Krenari dhe mir\u00ebnjohje<\/em>!\u2019- shkruan ne Facebook doktoresha Anika Dokle.<\/p>\n","protected":false},"excerpt":{"rendered":"<p>Jo pak frik\u00eb dhe panik tek qytetar\u00ebt ka shkaktuar dje t\u00ebrmeti q\u00eb l\u00ebkundi vendin, duke b\u00ebr\u00eb q\u00eb nj\u00eb pjes\u00eb e qytetar\u00ebve ta kalojn\u00eb nat\u00ebn jasht\u00eb. Por p\u00ebr t\u00eb inkurajuar n\u00ebnat e reja n\u00eb nj\u00eb dit\u00eb si ajo e djeshmeja, mjek\u00ebt dhe infermier\u00ebt e maternitetit \u2018Ko\u00e7o Gliozheni\u2019, u shfaq\u00ebn duke k\u00ebrcyer dhe arg\u00ebtuar. Ishte mjekja Anika [&hellip;]<\/p>\n","protected":false},"author":2013,"featured_media":108312,"comment_status":"open","ping_status":"closed","sticky":false,"template":"","format":"standard","meta":{"footnotes":""},"categories":[241,235],"tags":[],"class_list":{"0":"post-108310","1":"post","2":"type-post","3":"status-publish","4":"format-standard","5":"has-post-thumbnail","7":"category-aktualitet","8":"category-vendi"},"_links":{"self":[{"href":"https:\/\/zjarr.tv\/sq\/wp-json\/wp\/v2\/posts\/108310","targetHints":{"allow":["GET"]}}],"collection":[{"href":"https:\/\/zjarr.tv\/sq\/wp-json\/wp\/v2\/posts"}],"about":[{"href":"https:\/\/zjarr.tv\/sq\/wp-json\/wp\/v2\/types\/post"}],"author":[{"embeddable":true,"href":"https:\/\/zjarr.tv\/sq\/wp-json\/wp\/v2\/users\/2013"}],"replies":[{"embeddable":true,"href":"https:\/\/zjarr.tv\/sq\/wp-json\/wp\/v2\/comments?post=108310"}],"version-history":[{"count":0,"href":"https:\/\/zjarr.tv\/sq\/wp-json\/wp\/v2\/posts\/108310\/revisions"}],"wp:featuredmedia":[{"embeddable":true,"href":"https:\/\/zjarr.tv\/sq\/wp-json\/wp\/v2\/media\/108312"}],"wp:attachment":[{"href":"https:\/\/zjarr.tv\/sq\/wp-json\/wp\/v2\/media?parent=108310"}],"wp:term":[{"taxonomy":"category","embeddable":true,"href":"https:\/\/zjarr.tv\/sq\/wp-json\/wp\/v2\/categories?post=108310"},{"taxonomy":"post_tag","embeddable":true,"href":"https:\/\/zjarr.tv\/sq\/wp-json\/wp\/v2\/tags?post=108310"}],"curies":[{"name":"wp","href":"https:\/\/api.w.org\/{rel}","templated":true}]}}