{"id":108326,"date":"2019-09-22T13:52:55","date_gmt":"2019-09-22T11:52:55","guid":{"rendered":"https:\/\/zjarr.tv\/?p=108326"},"modified":"2019-09-22T13:52:55","modified_gmt":"2019-09-22T11:52:55","slug":"detajet-kush-eshte-anetari-i-bandes-se-nikles-qe-i-shpetoi-atentatit-i-vra-ne-hallen-ne-dere-te-shtepise","status":"publish","type":"post","link":"https:\/\/zjarr.tv\/sq\/detajet-kush-eshte-anetari-i-bandes-se-nikles-qe-i-shpetoi-atentatit-i-vra-ne-hallen-ne-dere-te-shtepise\/","title":{"rendered":"Detajet\/ Kush \u00ebsht\u00eb an\u00ebtari i band\u00ebs s\u00eb Nikl\u00ebs q\u00eb i shp\u00ebtoi atentatit, i vra.n\u00eb hall\u00ebn n\u00eb der\u00eb t\u00eb sht\u00ebpis\u00eb"},"content":{"rendered":"<p>Detaje t\u00eb reja jan\u00eb zbardhur nga ngjarja e r\u00ebnd\u00eb q\u00eb ndodhi mbr\u00ebmjen e von\u00eb t\u00eb s\u00eb shtun\u00ebs n\u00eb fshatin Zez\u00eb t\u00eb Kruj\u00ebs. Si pasoj\u00eb e nj\u00eb atentati, rrethanat e t\u00eb cilit ende nuk dihen, ka mbetur e vdekur Shpresa Baka, halla e Mariglen Hak\u00ebs, i cili po ashtu ka mbetur i plagosur.<\/p>\n<p>Dyshohet se Mariglen Haka ka qen\u00eb dhe sh\u00ebnjest\u00ebr e k\u00ebtij atentati. I riu njihet si pjes\u00eb e band\u00ebs s\u00eb Nikl\u00ebs, i arrestuar nga Forcat e Nd\u00ebrhyrjes s\u00eb Shpejt\u00eb gjat\u00eb operacionit t\u00eb bujsh\u00ebm t\u00eb vitit 2018, ku u zbuluan arm\u00eb, municione dhe l\u00ebnd\u00eb narkotike.<\/p>\n<p>Ngjarja m\u00ebsohet se ndodhi n\u00eb der\u00ebn e banes\u00ebs, nd\u00ebrsa ende policia nuk ka nj\u00eb pist\u00eb t\u00eb sakt\u00eb, ndon\u00ebse hetimet jan\u00eb p\u00ebrqendruar te nj\u00eb hakmarrje e mundshme.<\/p>\n<p>I plagosuri u soll n\u00eb Spitalin e Traum\u00ebs nga shoku i tij, Valter Bami, v\u00ebllai i Durim Bami. Edhe vet\u00eb Valteri u prangos n\u00eb vitin 2018 n\u00eb operacionin e bujsh\u00ebm policor.<\/p>\n<p>Burime nga Spitali i Traum\u00ebs, ku ndodhet n\u00ebn p\u00ebrkujdesjen e mjek\u00ebve dhe n\u00ebn masa t\u00eb rrepta sigurie, sh\u00ebnjestra e k\u00ebtij atentati, Mariglen Bami, b\u00ebn\u00eb t\u00eb ditur se i riu \u00ebsht\u00eb jasht\u00eb rrezikut p\u00ebr jet\u00ebn.<\/p>\n<figure id=\"attachment_1131993\" class=\"wp-caption alignnone\"><a href=\"https:\/\/balkanweb.com\/wp-content\/uploads\/2019\/09\/5d86a9064adc3mariglen-haka-267x350.jpg\" rel=\"lightbox\"><img loading=\"lazy\" decoding=\"async\" class=\"size-large wp-image-1131993\" src=\"https:\/\/balkanweb.com\/wp-content\/uploads\/2019\/09\/5d86a9064adc3mariglen-haka-267x350.jpg\" sizes=\"auto, (max-width: 267px) 100vw, 267px\" srcset=\"https:\/\/balkanweb.com\/wp-content\/uploads\/2019\/09\/5d86a9064adc3mariglen-haka-267x350.jpg 267w, https:\/\/balkanweb.com\/wp-content\/uploads\/2019\/09\/5d86a9064adc3mariglen-haka-214x280.jpg 214w, https:\/\/balkanweb.com\/wp-content\/uploads\/2019\/09\/5d86a9064adc3mariglen-haka-201x263.jpg 201w, https:\/\/balkanweb.com\/wp-content\/uploads\/2019\/09\/5d86a9064adc3mariglen-haka-61x80.jpg 61w, https:\/\/balkanweb.com\/wp-content\/uploads\/2019\/09\/5d86a9064adc3mariglen-haka-344x450.jpg 344w, https:\/\/balkanweb.com\/wp-content\/uploads\/2019\/09\/5d86a9064adc3mariglen-haka.jpg 372w\" alt=\"5d86a9064adc3mariglen Haka\" width=\"267\" height=\"350\" \/><\/a><\/figure>\n","protected":false},"excerpt":{"rendered":"<p>Detaje t\u00eb reja jan\u00eb zbardhur nga ngjarja e r\u00ebnd\u00eb q\u00eb ndodhi mbr\u00ebmjen e von\u00eb t\u00eb s\u00eb shtun\u00ebs n\u00eb fshatin Zez\u00eb t\u00eb Kruj\u00ebs. Si pasoj\u00eb e nj\u00eb atentati, rrethanat e t\u00eb cilit ende nuk dihen, ka mbetur e vdekur Shpresa Baka, halla e Mariglen Hak\u00ebs, i cili po ashtu ka mbetur i plagosur. Dyshohet se Mariglen [&hellip;]<\/p>\n","protected":false},"author":2013,"featured_media":108327,"comment_status":"open","ping_status":"closed","sticky":false,"template":"","format":"standard","meta":{"footnotes":""},"categories":[241,235],"tags":[],"class_list":{"0":"post-108326","1":"post","2":"type-post","3":"status-publish","4":"format-standard","5":"has-post-thumbnail","7":"category-aktualitet","8":"category-vendi"},"_links":{"self":[{"href":"https:\/\/zjarr.tv\/sq\/wp-json\/wp\/v2\/posts\/108326","targetHints":{"allow":["GET"]}}],"collection":[{"href":"https:\/\/zjarr.tv\/sq\/wp-json\/wp\/v2\/posts"}],"about":[{"href":"https:\/\/zjarr.tv\/sq\/wp-json\/wp\/v2\/types\/post"}],"author":[{"embeddable":true,"href":"https:\/\/zjarr.tv\/sq\/wp-json\/wp\/v2\/users\/2013"}],"replies":[{"embeddable":true,"href":"https:\/\/zjarr.tv\/sq\/wp-json\/wp\/v2\/comments?post=108326"}],"version-history":[{"count":0,"href":"https:\/\/zjarr.tv\/sq\/wp-json\/wp\/v2\/posts\/108326\/revisions"}],"wp:featuredmedia":[{"embeddable":true,"href":"https:\/\/zjarr.tv\/sq\/wp-json\/wp\/v2\/media\/108327"}],"wp:attachment":[{"href":"https:\/\/zjarr.tv\/sq\/wp-json\/wp\/v2\/media?parent=108326"}],"wp:term":[{"taxonomy":"category","embeddable":true,"href":"https:\/\/zjarr.tv\/sq\/wp-json\/wp\/v2\/categories?post=108326"},{"taxonomy":"post_tag","embeddable":true,"href":"https:\/\/zjarr.tv\/sq\/wp-json\/wp\/v2\/tags?post=108326"}],"curies":[{"name":"wp","href":"https:\/\/api.w.org\/{rel}","templated":true}]}}