{"id":108329,"date":"2019-09-22T13:54:45","date_gmt":"2019-09-22T11:54:45","guid":{"rendered":"https:\/\/zjarr.tv\/?p=108329"},"modified":"2019-09-22T13:54:45","modified_gmt":"2019-09-22T11:54:45","slug":"termetet-shkundin-rajonin","status":"publish","type":"post","link":"https:\/\/zjarr.tv\/sq\/termetet-shkundin-rajonin\/","title":{"rendered":"T\u00ebrmetet shkundin Rajonin"},"content":{"rendered":"<p><em>N\u00eb total, Ballkani dhe Adriatiku jan\u00eb prekur nga 32 l\u00ebkundje sizmike n\u00eb 24 or\u00ebt e fundit. Nga ky bilanc, efektet jan\u00eb ndjer\u00eb n\u00eb 10 shtete, ku pasojat m\u00eb t\u00eb r\u00ebnda kan\u00eb qen\u00eb n\u00eb Shqip\u00ebri. Ekspert\u00ebt b\u00ebjn\u00eb thirrje p\u00ebr t\u00eb shmangur panikun duke u shprehur se l\u00ebkundjet pas t\u00ebrmetit, q\u00eb njihen si pasgoditje, n\u00eb pjes\u00ebn d\u00ebrrmuese t\u00eb rasteve nuk jan\u00eb m\u00eb t\u00eb forta se t\u00ebrmeti kryesor, por, pavar\u00ebsisth k\u00ebsaj, t\u00eb gjith\u00eb duhet t\u00eb q\u00ebndrojn\u00eb vigjilent\u00eb.\u00a0<\/em><\/p>\n<p>Rajoni i Ballkanit dhe pjesa d\u00ebrrmuese e Adriatikut ka qen\u00eb epiqendra e 32 t\u00ebrmeteve n\u00eb 24 or\u00ebt e fundit, t\u00eb cilat fillojn\u00eb nga magnituda 2 ball\u00eb e shkall\u00ebs rihter, p\u00ebr t\u00eb kulmuar me t\u00ebrmetet m\u00eb t\u00eb fuqishme q\u00eb u regjistruan pasditen e s\u00eb shtun\u00ebs me magnituda respektivisht 5.6 dhe 5.2, por q\u00eb kishin nj\u00eb perceptim m\u00eb t\u00eb lart\u00eb n\u00eb ndjeshm\u00ebri. N\u00eb t\u00eb gjitha k\u00ebto l\u00ebvizje sizmike, Shqip\u00ebria ka q\u00ebn\u00eb padyshim shteti m\u00eb i prekur, por lista e vendeve q\u00eb i kan\u00eb ndjer\u00eb l\u00ebkundjet p\u00ebrfshin edhe n\u00ebnt\u00eb vende t\u00eb tjera, t\u00eb cilat jan\u00eb Italia, Greqia, Kosova, Mali i Zi, Serbia, Maqedonia e Veriut, Bullgaria, Bosnje Hercegovina dhe Kroacia.<\/p>\n<p>Numri relativisht i lart\u00eb i t\u00ebrmeteve, n\u00eb qasjen e ekspert\u00ebve nuk duhet t\u00eb jet\u00eb shqet\u00ebsues p\u00ebr qytetar\u00ebt, pasi p\u00ebrgjith\u00ebssisht, l\u00ebkundjet e njohura si pasgoditje n\u00eb shumic\u00ebn e rasteve nuk jan\u00eb m\u00eb t\u00eb fuqishme se t\u00ebrmeti par\u00ebsor. Gjith\u00ebsesi, kjo nuk do t\u00eb thot\u00eb se qytetar\u00ebt nuk duhet t\u00eb q\u00ebndrojn\u00eb vigjilent\u00eb pasi t\u00ebrmeti \u00ebsht\u00eb nj\u00eb prej fenomeneve q\u00eb nuk mund t\u00eb parashikohet nga shkenca. Pasgoditjet m\u00eb shqet\u00ebsuese kan\u00eb qen\u00eb dy l\u00ebkundje q\u00eb u regjistruan pas mesnate, duke rikthyer edhe nj\u00ebher\u00eb frik\u00ebn mes qytetar\u00ebve.<\/p>\n<p>Kryeministri Edi Rama \u00ebsht\u00eb kontaktuar nga homolog\u00ebt e rajonit t\u00eb cil\u00ebt kan\u00eb ofruar mb\u00ebshtetje. Fillimisht ka q\u00ebn\u00eb shefi i ekzekutivit italian, Xhuzepe Konte, i cili shprehu gadishm\u00ebrin\u00eb p\u00ebr ndihm\u00eb, nd\u00ebrsa m\u00eb pas, komunikimet kan\u00eb vijuar edhe me p\u00ebrfaq\u00ebsues t\u00eb tjer\u00eb. Mediat nd\u00ebrkomb\u00ebtare i kan\u00eb kushtuar gjithashtu v\u00ebmendje asaj q\u00eb ka ndodhur n\u00eb Shqip\u00ebri dhe n\u00eb rajon. Fillimisht ka qen\u00eb rrjeti amerikan CNN q\u00eb pasqyroi lajmin p\u00ebrmes publikimit t\u00eb disa fotografive nga zonat m\u00eb t\u00eb d\u00ebmtuara. M\u00eb pas, artikuj ka patur edhe nga Reuters, Euronews, Deutsche Welle, Daily Express, Mirror etj.<\/p>\n<p>Mediat nd\u00ebrkomb\u00ebtare kan\u00eb theksuar se ky ishte nj\u00eb prej t\u00ebrmeteve m\u00eb t\u00eb fuqishme n\u00eb dekada p\u00ebr Shqip\u00ebrin\u00eb, por fatmir\u00ebsisht, nuk ka patur pasoja n\u00eb njer\u00ebz.<\/p>\n","protected":false},"excerpt":{"rendered":"<p>N\u00eb total, Ballkani dhe Adriatiku jan\u00eb prekur nga 32 l\u00ebkundje sizmike n\u00eb 24 or\u00ebt e fundit. Nga ky bilanc, efektet jan\u00eb ndjer\u00eb n\u00eb 10 shtete, ku pasojat m\u00eb t\u00eb r\u00ebnda kan\u00eb qen\u00eb n\u00eb Shqip\u00ebri. Ekspert\u00ebt b\u00ebjn\u00eb thirrje p\u00ebr t\u00eb shmangur panikun duke u shprehur se l\u00ebkundjet pas t\u00ebrmetit, q\u00eb njihen si pasgoditje, n\u00eb pjes\u00ebn d\u00ebrrmuese [&hellip;]<\/p>\n","protected":false},"author":2013,"featured_media":108333,"comment_status":"open","ping_status":"closed","sticky":false,"template":"","format":"standard","meta":{"footnotes":""},"categories":[241,235],"tags":[],"class_list":{"0":"post-108329","1":"post","2":"type-post","3":"status-publish","4":"format-standard","5":"has-post-thumbnail","7":"category-aktualitet","8":"category-vendi"},"_links":{"self":[{"href":"https:\/\/zjarr.tv\/sq\/wp-json\/wp\/v2\/posts\/108329","targetHints":{"allow":["GET"]}}],"collection":[{"href":"https:\/\/zjarr.tv\/sq\/wp-json\/wp\/v2\/posts"}],"about":[{"href":"https:\/\/zjarr.tv\/sq\/wp-json\/wp\/v2\/types\/post"}],"author":[{"embeddable":true,"href":"https:\/\/zjarr.tv\/sq\/wp-json\/wp\/v2\/users\/2013"}],"replies":[{"embeddable":true,"href":"https:\/\/zjarr.tv\/sq\/wp-json\/wp\/v2\/comments?post=108329"}],"version-history":[{"count":0,"href":"https:\/\/zjarr.tv\/sq\/wp-json\/wp\/v2\/posts\/108329\/revisions"}],"wp:featuredmedia":[{"embeddable":true,"href":"https:\/\/zjarr.tv\/sq\/wp-json\/wp\/v2\/media\/108333"}],"wp:attachment":[{"href":"https:\/\/zjarr.tv\/sq\/wp-json\/wp\/v2\/media?parent=108329"}],"wp:term":[{"taxonomy":"category","embeddable":true,"href":"https:\/\/zjarr.tv\/sq\/wp-json\/wp\/v2\/categories?post=108329"},{"taxonomy":"post_tag","embeddable":true,"href":"https:\/\/zjarr.tv\/sq\/wp-json\/wp\/v2\/tags?post=108329"}],"curies":[{"name":"wp","href":"https:\/\/api.w.org\/{rel}","templated":true}]}}