{"id":108339,"date":"2019-09-22T14:17:25","date_gmt":"2019-09-22T12:17:25","guid":{"rendered":"https:\/\/zjarr.tv\/?p=108339"},"modified":"2019-09-22T14:17:25","modified_gmt":"2019-09-22T12:17:25","slug":"miqte-tane-vellezer-sot-kane-nevoje-me-shume-se-kurre-per-ne","status":"publish","type":"post","link":"https:\/\/zjarr.tv\/sq\/miqte-tane-vellezer-sot-kane-nevoje-me-shume-se-kurre-per-ne\/","title":{"rendered":"\u201cMiqt\u00eb tan\u00eb v\u00ebllez\u00ebr sot kan\u00eb nevoj\u00eb m\u00eb shum\u00eb se kurr\u00eb p\u00ebr ne\u201d"},"content":{"rendered":"<p>Pas t\u00ebrmeteve t\u00eb shumta q\u00eb p\u00ebrfshin\u00eb vendin, kisha katolike n\u00eb Shqip\u00ebri ka shprehur solidarizimin\u00a0e saj me qytetar\u00ebt e prekur nga l\u00ebkundjet.<\/p>\n<p>N\u00eb mesazhin e saj kisha ofrohet t\u00eb ndihmoj\u00eb qytetar\u00ebt me ndihma konkrete p\u00ebrmes strukturave t\u00eb saj.<\/p>\n<p><strong><em>Mesazhi i Kish\u00ebs Katolike n\u00eb Shqip\u00ebri:\u00a0<\/em><\/strong><\/p>\n<p><em>T\u00eb nderuar qytetar\u00eb t\u00eb Kombit ton\u00eb Shqip\u00ebri, n\u00eb ve\u00e7anti ju t\u00eb prekur m\u00eb s\u00eb shumti nga kjo katastrof\u00eb natyrore, Kisha Katolike n\u00eb Shqip\u00ebri, solidarizohet me t\u00eb gjith\u00eb ju, individ\u00eb dhe familje, q\u00eb dje dhe gjat\u00eb nat\u00ebs s\u00eb sotme p\u00ebrjetuat \u00e7aste me t\u00eb v\u00ebrtet\u00eb t\u00eb dhimbshme si pasoj\u00eb e t\u00ebrmetit.<\/em><\/p>\n<p><em>Me an\u00eb t\u00eb k\u00ebtij mesazhi duam t\u00eb shprehim solidaritetin ton\u00eb si dhe duam t\u2019i q\u00ebndrojm\u00eb pran\u00eb secilit prej jush duke u angazhuar s\u00eb pari n\u00eb lutje, duke ja besuar Zotit rim\u00ebk\u00ebmbjen dhe kap\u00ebrcimin e situat\u00ebs por edhe duke v\u00ebn\u00eb n\u00eb dispozicion p\u00ebrkrahjen ton\u00eb konkrete p\u00ebrmes strukturave t\u00eb saja.<\/em><\/p>\n<p><em>Dita e diele, q\u00eb p\u00ebr ne besimtar\u00ebt \u00ebsht\u00eb momenti kulmor i takimit me Zotin e jet\u00ebs, na ka gjetur t\u00eb bashkuar n\u00eb lutje si dhe do na gjej\u00eb s\u00ebrish t\u00eb bashkuar n\u00eb dit\u00ebt n\u00eb vazhdim.<\/em><\/p>\n<p><em>Ftojm\u00eb, nxisim dhe b\u00ebhemi mbart\u00ebs p\u00ebr t\u00eb mos harruar shenj\u00ebn dalluese t\u00eb popullit dhe t\u00eb kombit ton\u00eb, q\u00eb \u00ebsht\u00eb solidariteti, ndihma dhe shpres\u00ebdh\u00ebnia p\u00ebr kap\u00ebrcimin e k\u00ebsaj gjendje. P\u00ebrkrahim ndihm\u00ebn dhe angazhimin e strukturave shtet\u00ebrore n\u00eb dobi t\u00eb qytetar\u00ebve.<\/em><\/p>\n<p><em>Popull dashamir\u00ebs dhe mir\u00ebdash\u00ebs, \u201csht\u00ebpia \u00ebsht\u00eb e mikut dhe e Zotit\u201d. Miqt\u00eb tan\u00eb v\u00ebllez\u00ebr sot kan\u00eb nevoj\u00eb m\u00eb shum\u00eb se kurr\u00eb p\u00ebr ne. Le t\u00eb mos per\u00ebndoj\u00eb dielli pa e pas kryer solidaritetin ton\u00eb.<\/em><\/p>\n<p><em>Zoti e bekoft\u00eb Shqip\u00ebrin\u00eb.<\/em><\/p>\n","protected":false},"excerpt":{"rendered":"<p>Pas t\u00ebrmeteve t\u00eb shumta q\u00eb p\u00ebrfshin\u00eb vendin, kisha katolike n\u00eb Shqip\u00ebri ka shprehur solidarizimin\u00a0e saj me qytetar\u00ebt e prekur nga l\u00ebkundjet. N\u00eb mesazhin e saj kisha ofrohet t\u00eb ndihmoj\u00eb qytetar\u00ebt me ndihma konkrete p\u00ebrmes strukturave t\u00eb saj. Mesazhi i Kish\u00ebs Katolike n\u00eb Shqip\u00ebri:\u00a0 T\u00eb nderuar qytetar\u00eb t\u00eb Kombit ton\u00eb Shqip\u00ebri, n\u00eb ve\u00e7anti ju t\u00eb prekur [&hellip;]<\/p>\n","protected":false},"author":2013,"featured_media":108344,"comment_status":"open","ping_status":"closed","sticky":false,"template":"","format":"standard","meta":{"footnotes":""},"categories":[241,235],"tags":[],"class_list":{"0":"post-108339","1":"post","2":"type-post","3":"status-publish","4":"format-standard","5":"has-post-thumbnail","7":"category-aktualitet","8":"category-vendi"},"_links":{"self":[{"href":"https:\/\/zjarr.tv\/sq\/wp-json\/wp\/v2\/posts\/108339","targetHints":{"allow":["GET"]}}],"collection":[{"href":"https:\/\/zjarr.tv\/sq\/wp-json\/wp\/v2\/posts"}],"about":[{"href":"https:\/\/zjarr.tv\/sq\/wp-json\/wp\/v2\/types\/post"}],"author":[{"embeddable":true,"href":"https:\/\/zjarr.tv\/sq\/wp-json\/wp\/v2\/users\/2013"}],"replies":[{"embeddable":true,"href":"https:\/\/zjarr.tv\/sq\/wp-json\/wp\/v2\/comments?post=108339"}],"version-history":[{"count":0,"href":"https:\/\/zjarr.tv\/sq\/wp-json\/wp\/v2\/posts\/108339\/revisions"}],"wp:featuredmedia":[{"embeddable":true,"href":"https:\/\/zjarr.tv\/sq\/wp-json\/wp\/v2\/media\/108344"}],"wp:attachment":[{"href":"https:\/\/zjarr.tv\/sq\/wp-json\/wp\/v2\/media?parent=108339"}],"wp:term":[{"taxonomy":"category","embeddable":true,"href":"https:\/\/zjarr.tv\/sq\/wp-json\/wp\/v2\/categories?post=108339"},{"taxonomy":"post_tag","embeddable":true,"href":"https:\/\/zjarr.tv\/sq\/wp-json\/wp\/v2\/tags?post=108339"}],"curies":[{"name":"wp","href":"https:\/\/api.w.org\/{rel}","templated":true}]}}