{"id":108341,"date":"2019-09-22T14:16:10","date_gmt":"2019-09-22T12:16:10","guid":{"rendered":"https:\/\/zjarr.tv\/?p=108341"},"modified":"2019-09-22T14:16:10","modified_gmt":"2019-09-22T12:16:10","slug":"termetet-zhvedosin-qeverine-ne-durres","status":"publish","type":"post","link":"https:\/\/zjarr.tv\/sq\/termetet-zhvedosin-qeverine-ne-durres\/","title":{"rendered":"T\u00ebrmetet zhvedosin qeverin\u00eb n\u00eb Durr\u00ebs"},"content":{"rendered":"<p>Pas t\u00ebrmeteve t\u00eb shumta q\u00eb kan\u00eb shoq\u00ebruar vendin kryeministri Edi Rama, ministri i Brendsh\u00ebm, Sand\u00ebr Lleshaj \u00a0dhe prefekt\u00ebt e qarqeve jan\u00eb zhvendosur n\u00eb qytetin bregdetar t\u00eb Durr\u00ebsi.<\/p>\n<p>Durr\u00ebsi \u00a0ishte edhe zona m\u00eb e nxeht\u00eb e t\u00ebrmetit ku edhe jan\u00eb regjistruar d\u00ebmtimet m\u00eb t\u00eb m\u00ebdha n\u00eb banesa, fatmir\u00ebsisht pa l\u00ebndime n\u00eb njer\u00ebz apo viktima.<\/p>\n","protected":false},"excerpt":{"rendered":"<p>Pas t\u00ebrmeteve t\u00eb shumta q\u00eb kan\u00eb shoq\u00ebruar vendin kryeministri Edi Rama, ministri i Brendsh\u00ebm, Sand\u00ebr Lleshaj \u00a0dhe prefekt\u00ebt e qarqeve jan\u00eb zhvendosur n\u00eb qytetin bregdetar t\u00eb Durr\u00ebsi. Durr\u00ebsi \u00a0ishte edhe zona m\u00eb e nxeht\u00eb e t\u00ebrmetit ku edhe jan\u00eb regjistruar d\u00ebmtimet m\u00eb t\u00eb m\u00ebdha n\u00eb banesa, fatmir\u00ebsisht pa l\u00ebndime n\u00eb njer\u00ebz apo viktima.<\/p>\n","protected":false},"author":2013,"featured_media":108342,"comment_status":"open","ping_status":"closed","sticky":false,"template":"","format":"standard","meta":{"footnotes":""},"categories":[241,235],"tags":[],"class_list":{"0":"post-108341","1":"post","2":"type-post","3":"status-publish","4":"format-standard","5":"has-post-thumbnail","7":"category-aktualitet","8":"category-vendi"},"_links":{"self":[{"href":"https:\/\/zjarr.tv\/sq\/wp-json\/wp\/v2\/posts\/108341","targetHints":{"allow":["GET"]}}],"collection":[{"href":"https:\/\/zjarr.tv\/sq\/wp-json\/wp\/v2\/posts"}],"about":[{"href":"https:\/\/zjarr.tv\/sq\/wp-json\/wp\/v2\/types\/post"}],"author":[{"embeddable":true,"href":"https:\/\/zjarr.tv\/sq\/wp-json\/wp\/v2\/users\/2013"}],"replies":[{"embeddable":true,"href":"https:\/\/zjarr.tv\/sq\/wp-json\/wp\/v2\/comments?post=108341"}],"version-history":[{"count":0,"href":"https:\/\/zjarr.tv\/sq\/wp-json\/wp\/v2\/posts\/108341\/revisions"}],"wp:featuredmedia":[{"embeddable":true,"href":"https:\/\/zjarr.tv\/sq\/wp-json\/wp\/v2\/media\/108342"}],"wp:attachment":[{"href":"https:\/\/zjarr.tv\/sq\/wp-json\/wp\/v2\/media?parent=108341"}],"wp:term":[{"taxonomy":"category","embeddable":true,"href":"https:\/\/zjarr.tv\/sq\/wp-json\/wp\/v2\/categories?post=108341"},{"taxonomy":"post_tag","embeddable":true,"href":"https:\/\/zjarr.tv\/sq\/wp-json\/wp\/v2\/tags?post=108341"}],"curies":[{"name":"wp","href":"https:\/\/api.w.org\/{rel}","templated":true}]}}