{"id":108347,"date":"2019-09-22T15:30:23","date_gmt":"2019-09-22T13:30:23","guid":{"rendered":"https:\/\/zjarr.tv\/?p=108347"},"modified":"2019-09-22T15:30:23","modified_gmt":"2019-09-22T13:30:23","slug":"e-rende-ne-vlore-zhduket-29-vjecari-policia-arreston-dy-persona-ja-cfare-ka-ndodhur","status":"publish","type":"post","link":"https:\/\/zjarr.tv\/sq\/e-rende-ne-vlore-zhduket-29-vjecari-policia-arreston-dy-persona-ja-cfare-ka-ndodhur\/","title":{"rendered":"E r\u00ebnd\u00eb n\u00eb Vlor\u00eb, zhduket 29-vje\u00e7ari, policia arreston dy persona. Ja \u00e7far\u00eb ka ndodhur"},"content":{"rendered":"<p>Nj\u00eb ngjarje e r\u00ebnd\u00eb \u00ebsht\u00eb sh\u00ebnuar n\u00eb Vlor\u00eb, me protagonist\u00eb persona me lidhje gjaku me nj\u00ebri \u2013tjetrin.<\/p>\n<p>M\u00eb dat\u00eb 16 shtator 2019 ka humbur kontaktet me familjen shtetasi Fatjon Myrtaj 29 vje\u00e7. Tre dit\u00eb m\u00eb von\u00eb, n\u00eb Policin\u00eb e Fierit, ka b\u00ebr\u00eb kall\u00ebzim v\u00ebllai i t\u00eb zhdukurit duke th\u00ebn\u00eb se 29-vje\u00e7ari \u00ebsht\u00eb rr\u00ebmbyer n\u00eb qytetin e Vlor\u00ebs nga Perlat Myrtaj 47 vje\u00e7 dhe Ladjon Myrtaj 26 vje\u00e7.<\/p>\n<p>Pas kall\u00ebzimit, policia ka v\u00ebn\u00eb n\u00eb pranga dy t\u00eb dyshuarit. P\u00ebr t\u00eb zhdukurin nuk ka ende asnj\u00eb informacion p\u00ebr vendndodhjen apo fatin e tij. I arrestuari Perlat Myrtaj e ka djal\u00eb xhaxhai Fatjonin<\/p>\n","protected":false},"excerpt":{"rendered":"<p>Nj\u00eb ngjarje e r\u00ebnd\u00eb \u00ebsht\u00eb sh\u00ebnuar n\u00eb Vlor\u00eb, me protagonist\u00eb persona me lidhje gjaku me nj\u00ebri \u2013tjetrin. M\u00eb dat\u00eb 16 shtator 2019 ka humbur kontaktet me familjen shtetasi Fatjon Myrtaj 29 vje\u00e7. Tre dit\u00eb m\u00eb von\u00eb, n\u00eb Policin\u00eb e Fierit, ka b\u00ebr\u00eb kall\u00ebzim v\u00ebllai i t\u00eb zhdukurit duke th\u00ebn\u00eb se 29-vje\u00e7ari \u00ebsht\u00eb rr\u00ebmbyer n\u00eb qytetin [&hellip;]<\/p>\n","protected":false},"author":2013,"featured_media":96470,"comment_status":"open","ping_status":"closed","sticky":false,"template":"","format":"standard","meta":{"footnotes":""},"categories":[241,235],"tags":[],"class_list":{"0":"post-108347","1":"post","2":"type-post","3":"status-publish","4":"format-standard","5":"has-post-thumbnail","7":"category-aktualitet","8":"category-vendi"},"_links":{"self":[{"href":"https:\/\/zjarr.tv\/sq\/wp-json\/wp\/v2\/posts\/108347","targetHints":{"allow":["GET"]}}],"collection":[{"href":"https:\/\/zjarr.tv\/sq\/wp-json\/wp\/v2\/posts"}],"about":[{"href":"https:\/\/zjarr.tv\/sq\/wp-json\/wp\/v2\/types\/post"}],"author":[{"embeddable":true,"href":"https:\/\/zjarr.tv\/sq\/wp-json\/wp\/v2\/users\/2013"}],"replies":[{"embeddable":true,"href":"https:\/\/zjarr.tv\/sq\/wp-json\/wp\/v2\/comments?post=108347"}],"version-history":[{"count":0,"href":"https:\/\/zjarr.tv\/sq\/wp-json\/wp\/v2\/posts\/108347\/revisions"}],"wp:featuredmedia":[{"embeddable":true,"href":"https:\/\/zjarr.tv\/sq\/wp-json\/wp\/v2\/media\/96470"}],"wp:attachment":[{"href":"https:\/\/zjarr.tv\/sq\/wp-json\/wp\/v2\/media?parent=108347"}],"wp:term":[{"taxonomy":"category","embeddable":true,"href":"https:\/\/zjarr.tv\/sq\/wp-json\/wp\/v2\/categories?post=108347"},{"taxonomy":"post_tag","embeddable":true,"href":"https:\/\/zjarr.tv\/sq\/wp-json\/wp\/v2\/tags?post=108347"}],"curies":[{"name":"wp","href":"https:\/\/api.w.org\/{rel}","templated":true}]}}