{"id":108348,"date":"2019-09-22T15:22:39","date_gmt":"2019-09-22T13:22:39","guid":{"rendered":"https:\/\/zjarr.tv\/?p=108348"},"modified":"2019-09-22T15:22:39","modified_gmt":"2019-09-22T13:22:39","slug":"termeti-i-fuqishem-perfundon-montimi-i-cadrave-ne-stadiumin-e-durresit","status":"publish","type":"post","link":"https:\/\/zjarr.tv\/sq\/termeti-i-fuqishem-perfundon-montimi-i-cadrave-ne-stadiumin-e-durresit\/","title":{"rendered":"T\u00ebrmeti i fuqish\u00ebm\/ P\u00ebrfundon montimi i \u00e7adrave n\u00eb stadiumin e Durr\u00ebsit"},"content":{"rendered":"<p>Ka p\u00ebrfunduar montimi i \u00e7adrave n\u00eb stadiumin \u201cNiko Dovana\u201d t\u00eb Durr\u00ebsit.\u00a0 \u00c7adrat n\u00eb stadiumin e qytetit bregdetar jan\u00eb me kapacitet 30 persona.\u00a0 Montimi i \u00e7adrave \u00ebsht\u00eb b\u00ebr\u00eb nga Forcat e Armatosura.<\/p>\n<p>Shum\u00eb persona jan\u00eb vendosur n\u00eb stadiumin e qytetit t\u00eb Durr\u00ebsit, pas t\u00ebrmetit t\u00eb fuqish\u00ebm, i cili shkat\u00ebrroi shum\u00eb banesa.<\/p>\n","protected":false},"excerpt":{"rendered":"<p>Ka p\u00ebrfunduar montimi i \u00e7adrave n\u00eb stadiumin \u201cNiko Dovana\u201d t\u00eb Durr\u00ebsit.\u00a0 \u00c7adrat n\u00eb stadiumin e qytetit bregdetar jan\u00eb me kapacitet 30 persona.\u00a0 Montimi i \u00e7adrave \u00ebsht\u00eb b\u00ebr\u00eb nga Forcat e Armatosura. Shum\u00eb persona jan\u00eb vendosur n\u00eb stadiumin e qytetit t\u00eb Durr\u00ebsit, pas t\u00ebrmetit t\u00eb fuqish\u00ebm, i cili shkat\u00ebrroi shum\u00eb banesa.<\/p>\n","protected":false},"author":2013,"featured_media":108349,"comment_status":"open","ping_status":"closed","sticky":false,"template":"","format":"standard","meta":{"footnotes":""},"categories":[241,235],"tags":[],"class_list":{"0":"post-108348","1":"post","2":"type-post","3":"status-publish","4":"format-standard","5":"has-post-thumbnail","7":"category-aktualitet","8":"category-vendi"},"_links":{"self":[{"href":"https:\/\/zjarr.tv\/sq\/wp-json\/wp\/v2\/posts\/108348","targetHints":{"allow":["GET"]}}],"collection":[{"href":"https:\/\/zjarr.tv\/sq\/wp-json\/wp\/v2\/posts"}],"about":[{"href":"https:\/\/zjarr.tv\/sq\/wp-json\/wp\/v2\/types\/post"}],"author":[{"embeddable":true,"href":"https:\/\/zjarr.tv\/sq\/wp-json\/wp\/v2\/users\/2013"}],"replies":[{"embeddable":true,"href":"https:\/\/zjarr.tv\/sq\/wp-json\/wp\/v2\/comments?post=108348"}],"version-history":[{"count":0,"href":"https:\/\/zjarr.tv\/sq\/wp-json\/wp\/v2\/posts\/108348\/revisions"}],"wp:featuredmedia":[{"embeddable":true,"href":"https:\/\/zjarr.tv\/sq\/wp-json\/wp\/v2\/media\/108349"}],"wp:attachment":[{"href":"https:\/\/zjarr.tv\/sq\/wp-json\/wp\/v2\/media?parent=108348"}],"wp:term":[{"taxonomy":"category","embeddable":true,"href":"https:\/\/zjarr.tv\/sq\/wp-json\/wp\/v2\/categories?post=108348"},{"taxonomy":"post_tag","embeddable":true,"href":"https:\/\/zjarr.tv\/sq\/wp-json\/wp\/v2\/tags?post=108348"}],"curies":[{"name":"wp","href":"https:\/\/api.w.org\/{rel}","templated":true}]}}