{"id":108354,"date":"2019-09-22T16:16:30","date_gmt":"2019-09-22T14:16:30","guid":{"rendered":"https:\/\/zjarr.tv\/?p=108354"},"modified":"2019-09-22T16:16:30","modified_gmt":"2019-09-22T14:16:30","slug":"tirana-mezi-po-i-kryen-punet-e-veta-haradinaj-disa-po-u-kerkojne-keshilla","status":"publish","type":"post","link":"https:\/\/zjarr.tv\/sq\/tirana-mezi-po-i-kryen-punet-e-veta-haradinaj-disa-po-u-kerkojne-keshilla\/","title":{"rendered":"\u2018Tirana mezi po i kryen pun\u00ebt e veta\u2019, Haradinaj: Disa po u k\u00ebrkojn\u00eb k\u00ebshilla"},"content":{"rendered":"<p>Kandidati p\u00ebr kryeminist\u00ebr nga koalicioni AAK-PSD, Ramush Haradinaj ka takuar sot qytetar\u00ebt n\u00eb Podujev\u00eb, me t\u00eb cil\u00ebt ka bashk\u00ebbiseduar p\u00ebr temat e ndryshme. N\u00eb nj\u00eb moment, ai ka kritikuar edhe disa politikan\u00eb kosovar\u00eb t\u00eb cil\u00ebt, sipas tij, \u201cshkojn\u00eb n\u00eb Tiran\u00eb p\u00ebr t\u2019u k\u00ebshilluar, e Tirana mezi po i kryen pun\u00ebt e veta.<\/p>\n<div class=\"in-artile-read-more\">\n<h2><span style=\"font-family: Verdana, Geneva, sans-serif; font-size: 15px; color: #222222;\">\u201cKa njer\u00ebz tan\u00eb q\u00eb po shkojn\u00eb n\u00eb Tiran\u00eb, a Tirana mezi po i kryen pun\u00ebt e veta. Po ata shkojn\u00eb atje me marr drejtimin qysh me u qeveris\u00eb Kosova, se nuk po guxojn\u00eb ose s\u2019po besojn\u00eb q\u00eb edhe ne jemi popull, jemi shtet, mund t\u00eb qeverisim veten\u201d, ka th\u00ebn\u00eb Haradinaj.<\/span><\/h2>\n<\/div>\n","protected":false},"excerpt":{"rendered":"<p>Kandidati p\u00ebr kryeminist\u00ebr nga koalicioni AAK-PSD, Ramush Haradinaj ka takuar sot qytetar\u00ebt n\u00eb Podujev\u00eb, me t\u00eb cil\u00ebt ka bashk\u00ebbiseduar p\u00ebr temat e ndryshme. N\u00eb nj\u00eb moment, ai ka kritikuar edhe disa politikan\u00eb kosovar\u00eb t\u00eb cil\u00ebt, sipas tij, \u201cshkojn\u00eb n\u00eb Tiran\u00eb p\u00ebr t\u2019u k\u00ebshilluar, e Tirana mezi po i kryen pun\u00ebt e veta. \u201cKa njer\u00ebz tan\u00eb [&hellip;]<\/p>\n","protected":false},"author":2013,"featured_media":38859,"comment_status":"open","ping_status":"closed","sticky":false,"template":"","format":"standard","meta":{"footnotes":""},"categories":[241,2],"tags":[],"class_list":{"0":"post-108354","1":"post","2":"type-post","3":"status-publish","4":"format-standard","5":"has-post-thumbnail","7":"category-aktualitet","8":"category-rajoni"},"_links":{"self":[{"href":"https:\/\/zjarr.tv\/sq\/wp-json\/wp\/v2\/posts\/108354","targetHints":{"allow":["GET"]}}],"collection":[{"href":"https:\/\/zjarr.tv\/sq\/wp-json\/wp\/v2\/posts"}],"about":[{"href":"https:\/\/zjarr.tv\/sq\/wp-json\/wp\/v2\/types\/post"}],"author":[{"embeddable":true,"href":"https:\/\/zjarr.tv\/sq\/wp-json\/wp\/v2\/users\/2013"}],"replies":[{"embeddable":true,"href":"https:\/\/zjarr.tv\/sq\/wp-json\/wp\/v2\/comments?post=108354"}],"version-history":[{"count":0,"href":"https:\/\/zjarr.tv\/sq\/wp-json\/wp\/v2\/posts\/108354\/revisions"}],"wp:featuredmedia":[{"embeddable":true,"href":"https:\/\/zjarr.tv\/sq\/wp-json\/wp\/v2\/media\/38859"}],"wp:attachment":[{"href":"https:\/\/zjarr.tv\/sq\/wp-json\/wp\/v2\/media?parent=108354"}],"wp:term":[{"taxonomy":"category","embeddable":true,"href":"https:\/\/zjarr.tv\/sq\/wp-json\/wp\/v2\/categories?post=108354"},{"taxonomy":"post_tag","embeddable":true,"href":"https:\/\/zjarr.tv\/sq\/wp-json\/wp\/v2\/tags?post=108354"}],"curies":[{"name":"wp","href":"https:\/\/api.w.org\/{rel}","templated":true}]}}