{"id":108356,"date":"2019-09-22T16:19:36","date_gmt":"2019-09-22T14:19:36","guid":{"rendered":"https:\/\/zjarr.tv\/?p=108356"},"modified":"2019-09-22T16:19:36","modified_gmt":"2019-09-22T14:19:36","slug":"termeti-shkund-shqiperine-xhacka-apel-qytetareve-ndihmoni-te-prekurit","status":"publish","type":"post","link":"https:\/\/zjarr.tv\/sq\/termeti-shkund-shqiperine-xhacka-apel-qytetareve-ndihmoni-te-prekurit\/","title":{"rendered":"T\u00ebrmeti shkund Shqip\u00ebrin\u00eb, Xha\u00e7ka apel qytetar\u00ebve: Ndihmoni t\u00eb prekurit"},"content":{"rendered":"<p>Ministrja e Mbrojtjes Olta Xha\u00e7ka me an\u00eb t\u00eb nj\u00eb reagimi n\u00eb rrjetet sociale shprehet se l\u00ebkundjet sizmike soll\u00ebn l\u00ebndime si dhe d\u00ebmtime nd\u00ebrtesash, por fatmir\u00ebsisht asnj\u00eb jet\u00eb t\u00eb humbur.<\/p>\n<p>Xha\u00e7ka thot\u00eb se shqiptar\u00ebt duhet t\u00eb solidarizohen me personat e prekur, nd\u00ebrsa p\u00ebr k\u00ebt\u00eb Ministria e Mbrojtjes ka v\u00ebn\u00eb n\u00eb dispozicion edhe nj\u00eb num\u00ebr llogarie bankare, parat\u00eb e s\u00eb cuil\u00ebs do t\u00eb shkojn\u00eb p\u00ebr t\u00eb prekurit e t\u00ebrmetit.<\/p>\n<p><strong>Postimi i Olta Xha\u00e7k\u00ebs:<\/strong><\/p>\n<p>Fatmir\u00ebsisht l\u00ebkundjet e t\u00ebrmetit nuk shkaktuan d\u00ebme n\u00eb njer\u00ebz. Por shkaktuan d\u00ebme materiale.<\/p>\n<p>N\u00eb k\u00ebt\u00eb periudh\u00eb t\u00eb v\u00ebshtir\u00eb duhet angazhim dhe solidaritet nga t\u00eb gjith\u00eb dhe p\u00ebr k\u00ebt\u00eb kemi v\u00ebn\u00eb n\u00eb dispozicion llogari bankare p\u00ebr t\u2019i ardhur n\u00eb ndihm\u00eb qytetar\u00ebve t\u00eb prekur nga t\u00ebrmeti.<\/p>\n<p>Kushdo q\u00eb ka mund\u00ebsi mund t\u00eb kontribuoj\u00eb duke p\u00ebrdorur numrat e llogaris\u00eb q\u00eb i gjeni n\u00eb linkun e m\u00ebposht\u00ebm:\u00a0<a href=\"http:\/\/www.mod.gov.al\/index.php\/newsroom-2\/3960-kontribute-vullnetare-ne-ndihme-te-familjeve-te-demtuara-nga-termeti-i-dates-21-shtator-2019\">shorturl.at\/duDPQ<\/a><\/p>\n<p>#ShqiperiaSolidare<\/p>\n","protected":false},"excerpt":{"rendered":"<p>Ministrja e Mbrojtjes Olta Xha\u00e7ka me an\u00eb t\u00eb nj\u00eb reagimi n\u00eb rrjetet sociale shprehet se l\u00ebkundjet sizmike soll\u00ebn l\u00ebndime si dhe d\u00ebmtime nd\u00ebrtesash, por fatmir\u00ebsisht asnj\u00eb jet\u00eb t\u00eb humbur. Xha\u00e7ka thot\u00eb se shqiptar\u00ebt duhet t\u00eb solidarizohen me personat e prekur, nd\u00ebrsa p\u00ebr k\u00ebt\u00eb Ministria e Mbrojtjes ka v\u00ebn\u00eb n\u00eb dispozicion edhe nj\u00eb num\u00ebr llogarie bankare, [&hellip;]<\/p>\n","protected":false},"author":2013,"featured_media":66168,"comment_status":"open","ping_status":"closed","sticky":false,"template":"","format":"standard","meta":{"footnotes":""},"categories":[241,235],"tags":[],"class_list":{"0":"post-108356","1":"post","2":"type-post","3":"status-publish","4":"format-standard","5":"has-post-thumbnail","7":"category-aktualitet","8":"category-vendi"},"_links":{"self":[{"href":"https:\/\/zjarr.tv\/sq\/wp-json\/wp\/v2\/posts\/108356","targetHints":{"allow":["GET"]}}],"collection":[{"href":"https:\/\/zjarr.tv\/sq\/wp-json\/wp\/v2\/posts"}],"about":[{"href":"https:\/\/zjarr.tv\/sq\/wp-json\/wp\/v2\/types\/post"}],"author":[{"embeddable":true,"href":"https:\/\/zjarr.tv\/sq\/wp-json\/wp\/v2\/users\/2013"}],"replies":[{"embeddable":true,"href":"https:\/\/zjarr.tv\/sq\/wp-json\/wp\/v2\/comments?post=108356"}],"version-history":[{"count":0,"href":"https:\/\/zjarr.tv\/sq\/wp-json\/wp\/v2\/posts\/108356\/revisions"}],"wp:featuredmedia":[{"embeddable":true,"href":"https:\/\/zjarr.tv\/sq\/wp-json\/wp\/v2\/media\/66168"}],"wp:attachment":[{"href":"https:\/\/zjarr.tv\/sq\/wp-json\/wp\/v2\/media?parent=108356"}],"wp:term":[{"taxonomy":"category","embeddable":true,"href":"https:\/\/zjarr.tv\/sq\/wp-json\/wp\/v2\/categories?post=108356"},{"taxonomy":"post_tag","embeddable":true,"href":"https:\/\/zjarr.tv\/sq\/wp-json\/wp\/v2\/tags?post=108356"}],"curies":[{"name":"wp","href":"https:\/\/api.w.org\/{rel}","templated":true}]}}