{"id":108360,"date":"2019-09-22T16:35:14","date_gmt":"2019-09-22T14:35:14","guid":{"rendered":"https:\/\/zjarr.tv\/?p=108360"},"modified":"2019-09-22T16:35:14","modified_gmt":"2019-09-22T14:35:14","slug":"ja-pse-bien-termetet-ne-shqiperi","status":"publish","type":"post","link":"https:\/\/zjarr.tv\/sq\/ja-pse-bien-termetet-ne-shqiperi\/","title":{"rendered":"Ja pse bien t\u00ebrmetet n\u00eb Shqip\u00ebri"},"content":{"rendered":"<p>Zona e bregdetit shqiptar, ajo Leskovik-Kor\u00e7\u00eb-Pogradec dhe zona e Lushnje-Elbasan-Peshkopi jan\u00eb m\u00eb t\u00eb rrezikuara nga t\u00ebrmetet n\u00eb Shqip\u00ebri.<\/p>\n<p>Sizmiologu Ervin Kasaj, pas l\u00ebkundjeve t\u00eb tok\u00ebs nj\u00eb dit\u00eb m\u00eb par\u00eb, analizon se n\u00eb vendin ton\u00eb gjithsesi nuk \u00ebsht\u00eb p\u00ebrjetuar nj\u00eb t\u00ebrmet i madh, pasi i fundit i k\u00ebtyre p\u00ebrmasave ka ndodhur m\u00eb 15 prill 1979 n\u00eb Shkod\u00ebr.<\/p>\n<p>Sizmiologu shqiptar n\u00eb Lajpcig t\u00eb Gjermanis\u00eb, Ervin Kasaj, thot\u00eb n\u00eb nj\u00eb analiz\u00eb se n\u00eb shkall\u00eb bot\u00ebrore, Shqip\u00ebria z\u00eb vendin e 43-t\u00eb p\u00ebr rrezikshm\u00ebrin\u00eb nga t\u00ebrmetet.<\/p>\n<p>N\u00eb hart\u00ebn globale t\u00eb rrezikut, Shqip\u00ebria ndodhet n\u00eb zon\u00ebn e kuqe, duke e klasifikuar n\u00eb mesin e vendeve me risk m\u00eb t\u00eb lart\u00eb nga t\u00ebrmetet. Nga d\u00ebshmit\u00eb q\u00eb zot\u00ebrohen deri m\u00eb sot, rezulton q\u00eb qysh prej shekullit II para Krishtit deri n\u00eb dit\u00ebt tona, Shqip\u00ebria \u00ebsht\u00eb goditur prej 55 t\u00ebrmetesh t\u00eb fort\u00eb me intensitet deri n\u00eb 8 ball\u00eb.<\/p>\n<p>Sipas sizmiologut Kasaj, ekspert\u00ebt kan\u00eb p\u00ebrgatitur hartat sizmike, duke evidentuar zonat m\u00eb t\u00eb rrezikshme t\u00eb t\u00ebrmeteve, e p\u00ebr t\u2019u treguar ekspert\u00ebve t\u00eb nd\u00ebrtimit, se duhen marr\u00eb masa konstruktive p\u00ebr b\u00ebrjen ball\u00eb t\u00eb k\u00ebtyre fenomeneve natyrore. Shqip\u00ebria b\u00ebn pjes\u00eb n\u00eb brezin alpino-mesdhetar. Zonat m\u00eb t\u00eb rrezikuara jan\u00eb, pik\u00ebs\u00ebpari, ajo e bregdetit shqiptar, zona e dyt\u00eb q\u00eb paraqet rrezikshm\u00ebri \u00ebsht\u00eb zona e Leskovik-Kor\u00e7\u00eb-Pogradec, nd\u00ebrsa zona e tret\u00eb mbahet si zona e Lushnje-Elbasan-Peshkopi.<\/p>\n<p>Nj\u00eb shp\u00ebrndarje e till\u00eb duket se ka t\u00eb b\u00ebj\u00eb me nd\u00ebrtimin gjeologjik dhe tektonik t\u00eb territorit ton\u00eb. Sipas vler\u00ebsimeve, me probabilitet 75%, Shqip\u00ebria preket \u00e7do vit nga nj\u00eb t\u00ebrmet me magnitud\u00eb jo m\u00eb t\u00eb lart\u00eb se 4.7 ball\u00eb, nj\u00eb her\u00eb n\u00eb 50 vjet nga nj\u00eb t\u00ebrmet me magnitud\u00eb jo m\u00eb t\u00eb madhe 6.1 ball\u00eb dhe nj\u00eb her\u00eb n\u00eb 100 vjet nga nj\u00eb t\u00ebrmet me magnitud\u00eb jo m\u00eb t\u00eb lart\u00eb se 6.4 ball\u00eb.<\/p>\n<p>Nd\u00ebr zonat m\u00eb t\u00eb ekspozuara nga t\u00ebrmetet \u00ebsht\u00eb bregdeti Lezh\u00eb-Ulqin. \u201cShum\u00eb njer\u00ebz n\u00eb Shqip\u00ebri nuk e kan\u00eb p\u00ebrjetuar nj\u00eb t\u00ebrmet t\u00eb madh, pasi i fundit i k\u00ebtyre p\u00ebrmasave ka ndodhur m\u00eb 15 prill 1979 n\u00eb Shkod\u00ebr, shprehet sizmiologu Kasaj.<\/p>\n","protected":false},"excerpt":{"rendered":"<p>Zona e bregdetit shqiptar, ajo Leskovik-Kor\u00e7\u00eb-Pogradec dhe zona e Lushnje-Elbasan-Peshkopi jan\u00eb m\u00eb t\u00eb rrezikuara nga t\u00ebrmetet n\u00eb Shqip\u00ebri. Sizmiologu Ervin Kasaj, pas l\u00ebkundjeve t\u00eb tok\u00ebs nj\u00eb dit\u00eb m\u00eb par\u00eb, analizon se n\u00eb vendin ton\u00eb gjithsesi nuk \u00ebsht\u00eb p\u00ebrjetuar nj\u00eb t\u00ebrmet i madh, pasi i fundit i k\u00ebtyre p\u00ebrmasave ka ndodhur m\u00eb 15 prill 1979 n\u00eb [&hellip;]<\/p>\n","protected":false},"author":2013,"featured_media":59368,"comment_status":"open","ping_status":"closed","sticky":false,"template":"","format":"standard","meta":{"footnotes":""},"categories":[241,235],"tags":[],"class_list":{"0":"post-108360","1":"post","2":"type-post","3":"status-publish","4":"format-standard","5":"has-post-thumbnail","7":"category-aktualitet","8":"category-vendi"},"_links":{"self":[{"href":"https:\/\/zjarr.tv\/sq\/wp-json\/wp\/v2\/posts\/108360","targetHints":{"allow":["GET"]}}],"collection":[{"href":"https:\/\/zjarr.tv\/sq\/wp-json\/wp\/v2\/posts"}],"about":[{"href":"https:\/\/zjarr.tv\/sq\/wp-json\/wp\/v2\/types\/post"}],"author":[{"embeddable":true,"href":"https:\/\/zjarr.tv\/sq\/wp-json\/wp\/v2\/users\/2013"}],"replies":[{"embeddable":true,"href":"https:\/\/zjarr.tv\/sq\/wp-json\/wp\/v2\/comments?post=108360"}],"version-history":[{"count":0,"href":"https:\/\/zjarr.tv\/sq\/wp-json\/wp\/v2\/posts\/108360\/revisions"}],"wp:featuredmedia":[{"embeddable":true,"href":"https:\/\/zjarr.tv\/sq\/wp-json\/wp\/v2\/media\/59368"}],"wp:attachment":[{"href":"https:\/\/zjarr.tv\/sq\/wp-json\/wp\/v2\/media?parent=108360"}],"wp:term":[{"taxonomy":"category","embeddable":true,"href":"https:\/\/zjarr.tv\/sq\/wp-json\/wp\/v2\/categories?post=108360"},{"taxonomy":"post_tag","embeddable":true,"href":"https:\/\/zjarr.tv\/sq\/wp-json\/wp\/v2\/tags?post=108360"}],"curies":[{"name":"wp","href":"https:\/\/api.w.org\/{rel}","templated":true}]}}