{"id":108473,"date":"2019-09-23T13:43:26","date_gmt":"2019-09-23T11:43:26","guid":{"rendered":"https:\/\/zjarr.tv\/?p=108473"},"modified":"2019-09-23T13:43:26","modified_gmt":"2019-09-23T11:43:26","slug":"kush-eshte-sizmologu-grek-qe-alarmoi-qytetaret-per-termete-apokaliptike-ja-sa-here-doli-blof-me-skenaret-e-tmerrit","status":"publish","type":"post","link":"https:\/\/zjarr.tv\/sq\/kush-eshte-sizmologu-grek-qe-alarmoi-qytetaret-per-termete-apokaliptike-ja-sa-here-doli-blof-me-skenaret-e-tmerrit\/","title":{"rendered":"Kush \u00ebsht\u00eb sizmologu grek q\u00eb alarmoi qytetar\u00ebt p\u00ebr t\u00ebrmete apokaliptike, ja sa her\u00eb doli blof me skenaret e tmerrit"},"content":{"rendered":"<p><em><strong>N\u00eb median greke flasin p\u00ebr nj\u00eb shkenc\u00ebtar nga nj\u00ebra an\u00eb, person me mani t\u00eb \u00e7uditshme nga ana tjet\u00ebr<\/strong><\/em><\/p>\n<p>Akis Tselentis, profesor i Sizmologjis\u00eb n\u00eb universitetin e Athin\u00ebs, drejtor i Institutit t\u00eb Gjeodinamik\u00ebs n\u00eb Observatorin Komb\u00ebtar t\u00eb Athin\u00ebs, drejtor i Qendr\u00ebs Komb\u00ebtare t\u00eb Cunamit, por edhe \u201cparashikues\u201d i t\u00ebrmeteve apokaliptike\u2026<\/p>\n<p>Akis Tselentis, m\u00eb opinionin publik grek \u00ebsht\u00eb personi pas \u201cparashikimeve\u201d t\u00eb l\u00ebkundjeve sizmike, shpesh her\u00eb blof dhe plot doza paniku, nd\u00ebr vite.<\/p>\n<p>-N\u00eb 7 shtator 1999 Athina u l\u00ebkund nga nj\u00eb t\u00ebrmet 5.9 rihter, me 143 viktima dhe 1600 t\u00eb plagosur, ndersa d\u00ebmet materiale ishin t\u00eb pallogaritshme. At\u00ebher\u00eb, pedagogu i etur p\u00ebr fam\u00eb, nuk reshtte s\u00eb paralajm\u00ebruari p\u00ebr nj\u00eb tjet\u00ebr t\u00ebrmet m\u00eb t\u00eb fuqish\u00ebm, se ishte vet\u00ebm nj\u00eb paralajm\u00ebrim, duke shtuar panikun te populli i tmerruar, e duke i l\u00ebn\u00eb nat\u00ebn n\u00ebp\u00ebr rrug\u00eb, derisa specialist\u00eb t\u00eb tjer\u00eb serioz\u00eb b\u00ebn\u00eb thirrje p\u00ebr t\u00eb mbyllur me aq skenarin e tmerrit.<\/p>\n<p>-N\u00eb shkurt t\u00eb vitit 2008, kur grupi i BAN b\u00ebnte thirrje p\u00ebr l\u00ebkundje sizmike n\u00eb Methoni, Akis Tselentis, i nervozuar q\u00eb nuk arriti i pari, i mohonte n\u00eb kamerat televizive. N\u00eb fund t\u00eb muajit shkurt, n\u00eb Methoni kishte t\u00ebrmet t\u00eb fuqish\u00ebm 6,7 rihter, pa viktima.<\/p>\n<p>-N\u00eb median greke tashm\u00eb flasin p\u00ebr nj\u00eb shkenc\u00ebtar nga nj\u00ebra an\u00eb, person me mani t\u00eb \u00e7uditshme nga ana tjet\u00ebr. N\u00eb \u00e7do t\u00ebrmet, q\u00eb n\u00eb Greqi jan\u00eb t\u00eb shumta, si vendi i par\u00eb sizmik n\u00eb Europ\u00eb, i gjashti n\u00eb bot\u00eb, populli pret \u201cparashikimin\u201d tradicional t\u00eb radh\u00ebs nga Akis Tselentis.<\/p>\n<p>-K\u00ebshtu, n\u00eb youtube, mund t\u00eb vihen re klikimet pafund t\u00eb videos, kur, n\u00eb or\u00ebt kritike pas t\u00ebrmetit 6,9 rihter n\u00eb ishullin Kithera, n\u00eb 8 janar 2006, paralajm\u00ebroi nj\u00eb t\u00ebrmet tjet\u00ebr, n\u00eb Jon, dhe p\u00ebr k\u00ebt\u00eb shkak njer\u00ebz n\u00eb panik kaluan or\u00eb t\u00eb t\u00ebra n\u00ebp\u00ebr rrug\u00eb.<\/p>\n<div id=\"videoad\"><\/div>\n<div id=\"pa_1x1_psbk_1569238988061\"><\/div>\n<p>-N\u00eb vitin 2008, nj\u00eb tjet\u00ebr paralajm\u00ebrim p\u00ebr t\u00ebrmet t\u00eb madh n\u00eb Achaia detyron kryetarin e Bashkis\u00eb s\u00eb zon\u00ebs t\u00eb ngrej\u00eb padi kund\u00ebr Tselentis p\u00ebr t\u00eb qet\u00ebsuar banor\u00ebt e zon\u00ebs. T\u00ebrmeti i parashikuar nuk ndodhi kurr\u00eb.<\/p>\n<p>-N\u00eb tetor 2016, pas t\u00ebrmetit 6.5 rihter n\u00eb Itali, Tselentis \u00ebsht\u00eb p\u00ebrs\u00ebri n\u00eb ekran, k\u00ebt\u00eb radh\u00eb informon se nuk kan\u00eb lidhje pllakat tektonike, por Greqia ka koh\u00eb pa t\u00ebrmet t\u00eb fuqish\u00ebm dhe duhet t\u00eb jen\u00eb n\u00eb gatishm\u00ebri t\u00eb gjith\u00eb. \u201cK\u00ebmbanat bien p\u00ebr t\u00ebrmet t\u00eb fuqish\u00ebm n\u00eb Greqi. Ja dy zonat ku ka energji t\u00eb mbledhur\u201d, b\u00ebjn\u00eb buj\u00eb dhe natyrisht ngjallin s\u00ebrish panik deklaratat e sizmologut.<\/p>\n<p>-N\u00eb 2 maj t\u00eb 2007, t\u00ebrmeti 5.7 rihter n\u00eb Oklahoma t\u00eb SHBA, shkakton ankth tek Tselentis, gjithnj\u00eb para kamerave, se shpimet p\u00ebr hidrokarbure do t\u00eb ken\u00eb efekt domino dhe do t\u00eb kemi t\u00ebrmete apokaliptike s\u00eb shpejti edhe n\u00eb Greqi.<\/p>\n<p>-Pa asnj\u00eb surpriz\u00eb p\u00ebr t\u00eb dh\u00ebnat e vendit dhe t\u00eb pllak\u00ebs tektonike, n\u00eb 13 qershor 2017, ishujt Lesbos dhe Chios shkunden mir\u00eb nga 6.1 rihter. Akis Tselentis nuk kishte arritur parashikimin e k\u00ebsaj zone kaq t\u00eb njohur p\u00ebr t\u00eb tilla rihter, k\u00ebshtu q\u00eb vendos t\u00eb shfaqet n\u00eb edicione lajmesh duke paralajm\u00ebruar se nuk ishte t\u00ebrmeti kryesor dhe se l\u00ebkundje m\u00eb e fuqishme sizmike pritet n\u00eb vijim, njer\u00ebzit t\u00eb jen\u00eb t\u00eb v\u00ebmendsh\u00ebm. Procesi passizmik u krye normalisht, pa asnj\u00eb tronditje t\u00eb m\u00ebtejshme.<\/p>\n<p>-Sivjet, n\u00eb muajin mars, pas t\u00ebrmetit 5.3 rihter n\u00eb Fokida, n\u00eb qytetin Galaxidi, Tselentis shprehet n\u00eb kamera se n\u00ebse nuk ka l\u00ebkundje passizmike 4.5 rihter, at\u00ebher\u00eb kini mendjen se po presim t\u00ebrmet shum\u00eb m\u00eb t\u00eb fuqish\u00ebm brenda pak or\u00ebve ose dit\u00ebve. \u201cT\u00ebrmeti m\u00eb i fuqish\u00ebm\u201d nuk ndodhi kurr\u00eb!<\/p>\n<p>\u2013 Pas buj\u00ebs s\u00eb madhe q\u00eb shkaktuan deklaratat e tij, kryesisht n\u00eb Shqip\u00ebri, detyrohet t\u00eb rishfaqet n\u00eb media e t\u00eb p\u00ebrg\u00ebnjeshtroj\u00eb vetveten \u201c30 her\u00eb m\u00eb i fuqish\u00ebm n\u00eb shkall\u00ebn rihter do t\u00eb thot\u00eb diku tek 6 rihter, asnj\u00ebher\u00eb nuk paralajm\u00ebrova t\u00ebrmet apokaliptik\u201d.<\/p>\n<p>-Megjith\u00eb karrier\u00ebn akademike, si dhe sistemin novator p\u00ebr parashikimin e t\u00ebrmeteve \u201cArsis\u201d q\u00eb n\u00ebn kujdesin e tij vazhdojn\u00eb eksperimentimet n\u00eb universitetin e Kret\u00ebs, Akis Tselentis konsiderohet paralelisht dhe si nj\u00eb \u201cfyerje e komunitetit akademik t\u00eb Greqis\u00eb\u201d, p\u00ebr shkak t\u00eb manis\u00eb t\u00eb shfaqet n\u00eb kamera, p\u00ebr t\u00eb parashikuar katastrof\u00ebn, ku n\u00eb shumic\u00ebn e rasteve, del bllof.<\/p>\n","protected":false},"excerpt":{"rendered":"<p>N\u00eb median greke flasin p\u00ebr nj\u00eb shkenc\u00ebtar nga nj\u00ebra an\u00eb, person me mani t\u00eb \u00e7uditshme nga ana tjet\u00ebr Akis Tselentis, profesor i Sizmologjis\u00eb n\u00eb universitetin e Athin\u00ebs, drejtor i Institutit t\u00eb Gjeodinamik\u00ebs n\u00eb Observatorin Komb\u00ebtar t\u00eb Athin\u00ebs, drejtor i Qendr\u00ebs Komb\u00ebtare t\u00eb Cunamit, por edhe \u201cparashikues\u201d i t\u00ebrmeteve apokaliptike\u2026 Akis Tselentis, m\u00eb opinionin publik grek [&hellip;]<\/p>\n","protected":false},"author":2013,"featured_media":108475,"comment_status":"open","ping_status":"closed","sticky":false,"template":"","format":"standard","meta":{"footnotes":""},"categories":[241,235],"tags":[],"class_list":{"0":"post-108473","1":"post","2":"type-post","3":"status-publish","4":"format-standard","5":"has-post-thumbnail","7":"category-aktualitet","8":"category-vendi"},"_links":{"self":[{"href":"https:\/\/zjarr.tv\/sq\/wp-json\/wp\/v2\/posts\/108473","targetHints":{"allow":["GET"]}}],"collection":[{"href":"https:\/\/zjarr.tv\/sq\/wp-json\/wp\/v2\/posts"}],"about":[{"href":"https:\/\/zjarr.tv\/sq\/wp-json\/wp\/v2\/types\/post"}],"author":[{"embeddable":true,"href":"https:\/\/zjarr.tv\/sq\/wp-json\/wp\/v2\/users\/2013"}],"replies":[{"embeddable":true,"href":"https:\/\/zjarr.tv\/sq\/wp-json\/wp\/v2\/comments?post=108473"}],"version-history":[{"count":0,"href":"https:\/\/zjarr.tv\/sq\/wp-json\/wp\/v2\/posts\/108473\/revisions"}],"wp:featuredmedia":[{"embeddable":true,"href":"https:\/\/zjarr.tv\/sq\/wp-json\/wp\/v2\/media\/108475"}],"wp:attachment":[{"href":"https:\/\/zjarr.tv\/sq\/wp-json\/wp\/v2\/media?parent=108473"}],"wp:term":[{"taxonomy":"category","embeddable":true,"href":"https:\/\/zjarr.tv\/sq\/wp-json\/wp\/v2\/categories?post=108473"},{"taxonomy":"post_tag","embeddable":true,"href":"https:\/\/zjarr.tv\/sq\/wp-json\/wp\/v2\/tags?post=108473"}],"curies":[{"name":"wp","href":"https:\/\/api.w.org\/{rel}","templated":true}]}}