{"id":108478,"date":"2019-09-23T13:46:48","date_gmt":"2019-09-23T11:46:48","guid":{"rendered":"https:\/\/zjarr.tv\/?p=108478"},"modified":"2019-09-23T13:46:48","modified_gmt":"2019-09-23T11:46:48","slug":"termetet-besa-shahini-qeteson-nxenesit-mesimi-neser-do-nise-me-nje-video-keshillim","status":"publish","type":"post","link":"https:\/\/zjarr.tv\/sq\/termetet-besa-shahini-qeteson-nxenesit-mesimi-neser-do-nise-me-nje-video-keshillim\/","title":{"rendered":"T\u00ebrmetet\/ Besa Shahini qet\u00ebson nx\u00ebn\u00ebsit: M\u00ebsimi nes\u00ebr do nis\u00eb me nj\u00eb video-k\u00ebshillim"},"content":{"rendered":"<p>Ministrja e Arsimit, Besa Shahini me nj\u00eb deklarat\u00eb p\u00ebr mediat tha se nes\u00ebr t\u00eb gjitha shkollat n\u00eb qarqet Durr\u00ebs, Tiran\u00eb dhe Elbasan do t\u00eb nis\u00eb m\u00ebsimi normalisht. Ajo tregoi dy shkollat problematike n\u00eb Vor\u00eb dhe Tiran\u00eb, t\u00eb cilat sipas saj p\u00ebr arsye sigurie nuk do hapen p\u00ebr nx\u00ebn\u00ebsit dhe k\u00ebto t\u00eb fundit do t\u00eb transportohen n\u00eb shkolla t\u00eb tjera.<\/p>\n<div id=\"sovrn\" class=\"desktop_ad ad_bottom_space\"><\/div>\n<p>\u201cDy dit\u00ebt e fundit nuk ishin t\u00eb lehta. Dita e sotme \u00ebsht\u00eb dit\u00eb pushimi p\u00ebr nx\u00ebn\u00ebsit p\u00ebr qarqet Elbasan, Durr\u00ebs dhe Tiran\u00eb. B\u00ebj me dije se dita e sotme e pushimeve p\u00ebr zonat e prekura do t\u00eb z\u00ebvend\u00ebsohet nj\u00eb dit\u00eb tjet\u00ebr. Nga verifikimet n\u00eb terren kemi konstatuar se n\u00eb t\u00eb gjith\u00eb shkollat jan\u00eb t\u00eb pad\u00ebmtuara dhe jan\u00eb t\u00eb gatshme p\u00ebr t\u00eb filluar q\u00eb nes\u00ebr m\u00ebsimin. Shkollat vart\u00ebse n\u00eb B\u00ebrxull t\u00eb Vor\u00ebs dhe Allgjat\u00eb t\u00eb Tiran\u00ebs nuk do t\u00eb hapen nes\u00ebr p\u00ebr arsye sigurie. Nx\u00ebn\u00ebsit do ta transferohen n\u00eb shkollat qend\u00ebr dhe iu kemi siguruar transportin q\u00eb nes\u00ebr n\u00eb m\u00ebngjes. N\u00eb 98 shkolla t\u00eb tjera, q\u00eb kan\u00eb pasur plasaritje jan\u00eb rregulluar nga ekipet e bashkive dhe dit\u00ebn e nes\u00ebrme do t\u00eb hapin dyert p\u00ebr m\u00ebsim. Nes\u00ebr m\u00ebsimi do t\u00eb nis\u00eb me nj\u00eb video t\u00eb animuar, e cila tregon se si duhet t\u00eb veprojm\u00eb gjat\u00eb t\u00ebrmeteve. E para q\u00eb gjat\u00eb l\u00ebkundjeve nuk duhet l\u00ebvizur jasht\u00eb godin\u00ebs por duhet gjetur nj\u00eb vend i sigurt brenda dhom\u00ebs ku gjendeni, krysisht n\u00ebn tavolin\u00eb apo duke u mb\u00ebshtetur te nj\u00eb mur i q\u00ebndruesh\u00ebm.Pasi pushon l\u00ebkundja, duhet t\u00eb sigurohen t\u00eb gjith\u00eb q\u00eb kan\u00eb mbathur k\u00ebpuc\u00eb q\u00eb mbulojn\u00eb gjith\u00eb k\u00ebmb\u00ebn, p\u00ebr shkak se mund t\u00eb ket\u00eb xhama t\u00eb thyer. Duhet mbuluar pastaj koka me nj\u00eb jast\u00ebk apo me nj\u00eb lib\u00ebr dhe ngadal\u00eb duhet dal\u00eb nga nd\u00ebrtesa por jo duke vrapuar dhe duke ruajtur qet\u00ebsin\u00eb. N\u00eb rrug\u00eb sduhet t\u00eb q\u00ebndroni n\u00ebn dritare por n\u00eb nj\u00eb mur t\u00eb qendrueshem. \u00a0L\u00ebndimet q\u00eb kan\u00eb p\u00ebsuar qytetar\u00ebt jan\u00eb shkaktuar nga stresi dhe ankthi dhe jo domosdoshm\u00ebrish nga\u00a0 t\u00ebrmeti. Nuk ka vend p\u00ebr panik dhe ankth dhe dita e nes\u00ebrme do t\u00eb jet\u00eb dit\u00eb m\u00ebsimi\u201d-tha ajo.<\/p>\n<div id=\"videoad\"><\/div>\n<p>Gjithashtu ministrja u ndal edhe tek lajmi \u201cFake\u201d i mbr\u00ebmjes s\u00eb djeshme q\u00eb p\u00ebrhapi mjaft panik tek qytetar\u00ebt. Ajo tha se do t\u00eb punohet n\u00eb kurrikulat m\u00ebsimore p\u00ebr t\u00eb edukuar nx\u00ebn\u00ebsit p\u00ebr m\u00ebnyr\u00ebn se si t\u00eb dallojn\u00eb nj\u00eb lajm t\u00eb v\u00ebrtet\u00eb nga ai rrem\u00eb.<\/p>\n<p>\u201cDuhet t\u00eb fuqizojm\u00eb kurrikul\u00ebn m\u00ebsimore tek nx\u00ebn\u00ebsit q\u00eb t\u00eb b\u00ebjn\u00eb dallimin midisi lajmit \u201cfake\u201d dhe atij t\u00eb v\u00ebrtet\u00eb. Lajmet e rreme duhet t\u2019i luftojm\u00eb m\u00eb \u00e7do kusht. Mb\u00ebshtetuni gjithmon\u00eb tek burimi i informacionit dhe mos besoni gjith\u00e7ka q\u00eb shihni n\u00eb portale.\u201d-shtoi ajo.<\/p>\n","protected":false},"excerpt":{"rendered":"<p>Ministrja e Arsimit, Besa Shahini me nj\u00eb deklarat\u00eb p\u00ebr mediat tha se nes\u00ebr t\u00eb gjitha shkollat n\u00eb qarqet Durr\u00ebs, Tiran\u00eb dhe Elbasan do t\u00eb nis\u00eb m\u00ebsimi normalisht. Ajo tregoi dy shkollat problematike n\u00eb Vor\u00eb dhe Tiran\u00eb, t\u00eb cilat sipas saj p\u00ebr arsye sigurie nuk do hapen p\u00ebr nx\u00ebn\u00ebsit dhe k\u00ebto t\u00eb fundit do t\u00eb transportohen [&hellip;]<\/p>\n","protected":false},"author":2013,"featured_media":66623,"comment_status":"open","ping_status":"closed","sticky":false,"template":"","format":"standard","meta":{"footnotes":""},"categories":[241,235],"tags":[],"class_list":{"0":"post-108478","1":"post","2":"type-post","3":"status-publish","4":"format-standard","5":"has-post-thumbnail","7":"category-aktualitet","8":"category-vendi"},"_links":{"self":[{"href":"https:\/\/zjarr.tv\/sq\/wp-json\/wp\/v2\/posts\/108478","targetHints":{"allow":["GET"]}}],"collection":[{"href":"https:\/\/zjarr.tv\/sq\/wp-json\/wp\/v2\/posts"}],"about":[{"href":"https:\/\/zjarr.tv\/sq\/wp-json\/wp\/v2\/types\/post"}],"author":[{"embeddable":true,"href":"https:\/\/zjarr.tv\/sq\/wp-json\/wp\/v2\/users\/2013"}],"replies":[{"embeddable":true,"href":"https:\/\/zjarr.tv\/sq\/wp-json\/wp\/v2\/comments?post=108478"}],"version-history":[{"count":0,"href":"https:\/\/zjarr.tv\/sq\/wp-json\/wp\/v2\/posts\/108478\/revisions"}],"wp:featuredmedia":[{"embeddable":true,"href":"https:\/\/zjarr.tv\/sq\/wp-json\/wp\/v2\/media\/66623"}],"wp:attachment":[{"href":"https:\/\/zjarr.tv\/sq\/wp-json\/wp\/v2\/media?parent=108478"}],"wp:term":[{"taxonomy":"category","embeddable":true,"href":"https:\/\/zjarr.tv\/sq\/wp-json\/wp\/v2\/categories?post=108478"},{"taxonomy":"post_tag","embeddable":true,"href":"https:\/\/zjarr.tv\/sq\/wp-json\/wp\/v2\/tags?post=108478"}],"curies":[{"name":"wp","href":"https:\/\/api.w.org\/{rel}","templated":true}]}}