{"id":108483,"date":"2019-09-23T13:49:21","date_gmt":"2019-09-23T11:49:21","guid":{"rendered":"https:\/\/zjarr.tv\/?p=108483"},"modified":"2019-09-23T13:49:21","modified_gmt":"2019-09-23T11:49:21","slug":"presidenti-i-pe-jemi-me-shqiptaret-gati-tiu-ndihmojme-per-rimekembjen-e-situates","status":"publish","type":"post","link":"https:\/\/zjarr.tv\/sq\/presidenti-i-pe-jemi-me-shqiptaret-gati-tiu-ndihmojme-per-rimekembjen-e-situates\/","title":{"rendered":"Presidenti i PE: Jemi me shqiptar\u00ebt, gati t\u2019iu ndihmojm\u00eb p\u00ebr rim\u00ebk\u00ebmbjen e situat\u00ebs"},"content":{"rendered":"<p>Presidenti i Parlamentit Evropian, David Sassoli, ka reaguar pas t\u00ebrmetit t\u00eb fuqish\u00ebm me magnitud\u00eb 5.8, q\u00eb tronditi Shqip\u00ebrin\u00eb pasditen e s\u00eb shtun\u00ebs, dhe q\u00eb vijon ende me postgoditje m\u00eb t\u00eb vogla.<\/p>\n<p>P\u00ebrmes nj\u00eb mesazhi solidarizues n\u00eb \u201cTwitter\u201d, numri nj\u00eb i PE shprehet se \u00ebsht\u00eb n\u00eb mb\u00ebshtetje t\u00eb popullit shqiptar dhe atyre q\u00eb jan\u00eb l\u00ebnduar apo kan\u00eb humbur banesat e tyre nga tronditja e fort\u00eb.<\/p>\n<div id=\"pa_1x1_psbk_1569239338586\"><\/div>\n<p>Gjithashtu, Sassoli thekson se Evropa\u00a0\u00ebsht\u00eb e gatshme t\u00eb ndihmoj\u00eb n\u00eb rim\u00ebk\u00ebmbjen e k\u00ebsaj situate t\u00eb v\u00ebshtir\u00eb p\u00ebr shqiptar\u00ebt, shumica e t\u00eb cil\u00ebve kan\u00eb kaluar dy net\u00eb jasht\u00eb, nj\u00eb pjes\u00eb nga frika dhe nj\u00eb pjes\u00eb se u jan\u00eb shkat\u00ebrruar sht\u00ebpit\u00eb.<\/p>\n<p>\u201cN\u00eb k\u00ebto or\u00eb t\u00eb v\u00ebshtira, ne q\u00ebndrojm\u00eb me popullin shqiptar. Mendimet tona jan\u00eb me ato q\u00eb jan\u00eb l\u00ebnduar ose kan\u00eb humbur sht\u00ebpit\u00eb e tyre. Evropa \u00ebsht\u00eb e gatshme t\u00eb ndihmoj\u00eb n\u00eb rim\u00ebk\u00ebmbjen dhe rind\u00ebrtimin\u201d, shkruan Presidenti i PE.<\/p>\n","protected":false},"excerpt":{"rendered":"<p>Presidenti i Parlamentit Evropian, David Sassoli, ka reaguar pas t\u00ebrmetit t\u00eb fuqish\u00ebm me magnitud\u00eb 5.8, q\u00eb tronditi Shqip\u00ebrin\u00eb pasditen e s\u00eb shtun\u00ebs, dhe q\u00eb vijon ende me postgoditje m\u00eb t\u00eb vogla. P\u00ebrmes nj\u00eb mesazhi solidarizues n\u00eb \u201cTwitter\u201d, numri nj\u00eb i PE shprehet se \u00ebsht\u00eb n\u00eb mb\u00ebshtetje t\u00eb popullit shqiptar dhe atyre q\u00eb jan\u00eb l\u00ebnduar apo [&hellip;]<\/p>\n","protected":false},"author":2013,"featured_media":108484,"comment_status":"open","ping_status":"closed","sticky":false,"template":"","format":"standard","meta":{"footnotes":""},"categories":[241,235],"tags":[],"class_list":{"0":"post-108483","1":"post","2":"type-post","3":"status-publish","4":"format-standard","5":"has-post-thumbnail","7":"category-aktualitet","8":"category-vendi"},"_links":{"self":[{"href":"https:\/\/zjarr.tv\/sq\/wp-json\/wp\/v2\/posts\/108483","targetHints":{"allow":["GET"]}}],"collection":[{"href":"https:\/\/zjarr.tv\/sq\/wp-json\/wp\/v2\/posts"}],"about":[{"href":"https:\/\/zjarr.tv\/sq\/wp-json\/wp\/v2\/types\/post"}],"author":[{"embeddable":true,"href":"https:\/\/zjarr.tv\/sq\/wp-json\/wp\/v2\/users\/2013"}],"replies":[{"embeddable":true,"href":"https:\/\/zjarr.tv\/sq\/wp-json\/wp\/v2\/comments?post=108483"}],"version-history":[{"count":0,"href":"https:\/\/zjarr.tv\/sq\/wp-json\/wp\/v2\/posts\/108483\/revisions"}],"wp:featuredmedia":[{"embeddable":true,"href":"https:\/\/zjarr.tv\/sq\/wp-json\/wp\/v2\/media\/108484"}],"wp:attachment":[{"href":"https:\/\/zjarr.tv\/sq\/wp-json\/wp\/v2\/media?parent=108483"}],"wp:term":[{"taxonomy":"category","embeddable":true,"href":"https:\/\/zjarr.tv\/sq\/wp-json\/wp\/v2\/categories?post=108483"},{"taxonomy":"post_tag","embeddable":true,"href":"https:\/\/zjarr.tv\/sq\/wp-json\/wp\/v2\/tags?post=108483"}],"curies":[{"name":"wp","href":"https:\/\/api.w.org\/{rel}","templated":true}]}}