{"id":108486,"date":"2019-09-23T13:50:44","date_gmt":"2019-09-23T11:50:44","guid":{"rendered":"https:\/\/zjarr.tv\/?p=108486"},"modified":"2019-09-23T13:50:44","modified_gmt":"2019-09-23T11:50:44","slug":"mu-premtuan-200-mije-euro-per-zerin-e-agron-xhafajt-fredi-alizoti-do-i-ndaja-me-albert-veliun","status":"publish","type":"post","link":"https:\/\/zjarr.tv\/sq\/mu-premtuan-200-mije-euro-per-zerin-e-agron-xhafajt-fredi-alizoti-do-i-ndaja-me-albert-veliun\/","title":{"rendered":"\u201cM\u2019u premtuan 200 mij\u00eb euro p\u00ebr z\u00ebrin e Agron Xhafajt\u201d Fredi Alizoti: Do i ndaja me Albert Veliun"},"content":{"rendered":"<p>\u201cDo merrja 200 mij\u00eb euro p\u00ebr t\u00eb regjistuar rolin e Agron Xhafajt, un\u00eb do merrja vet\u00ebm gjysmen, gjysm\u00ebn tjet\u00ebr Albert Veliu\u201d \u00cbsht\u00eb kjo d\u00ebshmia q\u00eb ka dh\u00ebn\u00eb sot n\u00eb sall\u00ebn e gjyqit Fredi Alizoti i implikuar n\u00eb dosjen e ashtuquajtur \u201cBabalja\u201d.<ins><\/ins><\/p>\n<div id=\"sovrn\" class=\"desktop_ad ad_bottom_space\">\n<div id=\"onetag-wrapper-3\" class=\"sovrn-onetag-ad\"><\/div>\n<\/div>\n<p>Alizoti u mor sot n\u00eb pyetje nga avokati Ledio Braho. Ai tha se n\u00ebse do t\u00eb kishte marr parat\u00eb e premtuara nuk do t\u00eb kishte b\u00ebr\u00eb kall\u00ebzim penal.<\/p>\n<div id=\"pa_1x1_psbk_1569239423072\"><\/div>\n<p>\u201cRegjistrimin e d\u00ebrgova tek PD dhe ja dhash Ervin Salianjit. Ai do e p\u00ebrdorte p\u00ebr politik\u00eb. N\u00eb koh\u00ebn kur ka dal\u00eb Albert Veliu n\u00eb interviste nuk ka pas per te dale ne interviste ta degjonte opinioni publik. I ka bere presion Ervin Salianji dhe cdo gj\u00eb kan\u00eb qen\u00eb shtesa p\u00ebr ta b\u00ebr\u00eb m\u00eb t\u00eb besueshme.\u201d vijoi m\u00eb tej ai.<\/p>\n","protected":false},"excerpt":{"rendered":"<p>\u201cDo merrja 200 mij\u00eb euro p\u00ebr t\u00eb regjistuar rolin e Agron Xhafajt, un\u00eb do merrja vet\u00ebm gjysmen, gjysm\u00ebn tjet\u00ebr Albert Veliu\u201d \u00cbsht\u00eb kjo d\u00ebshmia q\u00eb ka dh\u00ebn\u00eb sot n\u00eb sall\u00ebn e gjyqit Fredi Alizoti i implikuar n\u00eb dosjen e ashtuquajtur \u201cBabalja\u201d. Alizoti u mor sot n\u00eb pyetje nga avokati Ledio Braho. Ai tha se n\u00ebse [&hellip;]<\/p>\n","protected":false},"author":2013,"featured_media":108488,"comment_status":"open","ping_status":"closed","sticky":false,"template":"","format":"standard","meta":{"footnotes":""},"categories":[241,235],"tags":[],"class_list":{"0":"post-108486","1":"post","2":"type-post","3":"status-publish","4":"format-standard","5":"has-post-thumbnail","7":"category-aktualitet","8":"category-vendi"},"_links":{"self":[{"href":"https:\/\/zjarr.tv\/sq\/wp-json\/wp\/v2\/posts\/108486","targetHints":{"allow":["GET"]}}],"collection":[{"href":"https:\/\/zjarr.tv\/sq\/wp-json\/wp\/v2\/posts"}],"about":[{"href":"https:\/\/zjarr.tv\/sq\/wp-json\/wp\/v2\/types\/post"}],"author":[{"embeddable":true,"href":"https:\/\/zjarr.tv\/sq\/wp-json\/wp\/v2\/users\/2013"}],"replies":[{"embeddable":true,"href":"https:\/\/zjarr.tv\/sq\/wp-json\/wp\/v2\/comments?post=108486"}],"version-history":[{"count":0,"href":"https:\/\/zjarr.tv\/sq\/wp-json\/wp\/v2\/posts\/108486\/revisions"}],"wp:featuredmedia":[{"embeddable":true,"href":"https:\/\/zjarr.tv\/sq\/wp-json\/wp\/v2\/media\/108488"}],"wp:attachment":[{"href":"https:\/\/zjarr.tv\/sq\/wp-json\/wp\/v2\/media?parent=108486"}],"wp:term":[{"taxonomy":"category","embeddable":true,"href":"https:\/\/zjarr.tv\/sq\/wp-json\/wp\/v2\/categories?post=108486"},{"taxonomy":"post_tag","embeddable":true,"href":"https:\/\/zjarr.tv\/sq\/wp-json\/wp\/v2\/tags?post=108486"}],"curies":[{"name":"wp","href":"https:\/\/api.w.org\/{rel}","templated":true}]}}