{"id":108489,"date":"2019-09-23T14:10:39","date_gmt":"2019-09-23T12:10:39","guid":{"rendered":"https:\/\/zjarr.tv\/?p=108489"},"modified":"2019-09-23T14:10:39","modified_gmt":"2019-09-23T12:10:39","slug":"vijon-paniku-te-shkembi-i-kavajes-renie-masive-shkemboresh-banori-eshte-care-gjithe-pallati","status":"publish","type":"post","link":"https:\/\/zjarr.tv\/sq\/vijon-paniku-te-shkembi-i-kavajes-renie-masive-shkemboresh-banori-eshte-care-gjithe-pallati\/","title":{"rendered":"Vijon paniku te \u201cShk\u00ebmbi i Kavaj\u00ebs\u201d, r\u00ebnie masive shk\u00ebmbor\u00ebsh, banori: \u00cbsht\u00eb \u00e7ar\u00eb gjith\u00eb pallati"},"content":{"rendered":"<p>Situata t\u00eb Shk\u00ebmbi i Kavaj\u00ebs vijon t\u00eb jet\u00eb alarmante, pasi vazhdojn\u00eb t\u00eb bien masive shk\u00ebmbor\u00ebsh n\u00eb rrug\u00eb, pas t\u00ebrmetit t\u00eb fuqish\u00ebm me magnitud\u00eb 5.8.<\/p>\n<p>banor\u00ebt kan\u00eb th\u00ebn\u00eb se ndon\u00ebse zona \u00ebsht\u00eb nd\u00ebrtuar s\u00eb fundi, n\u00eb dhjet\u00ebvje\u00e7arin e fundit, pasojat e t\u00ebrmetit kan\u00eb qen\u00eb t\u00eb m\u00ebdha, jo vet\u00ebm p\u00ebr shkak t\u00eb fuqis\u00eb s\u00eb madhe t\u00eb l\u00ebkundjes, por edhe p\u00ebr arsye se nd\u00ebrtimet nuk kan\u00eb qen\u00eb cil\u00ebsore.<\/p>\n<p>Nd\u00ebrkoh\u00eb, banor\u00ebt vijojn\u00eb t\u00eb jen\u00eb n\u00eb panik nga Shk\u00ebmbi i Kavaj\u00ebs, prej t\u00eb cilit vijojn\u00eb t\u00eb shk\u00ebputen masive gur\u00ebs, duke rrezikuar jet\u00ebn e tyre.<\/p>\n<div id=\"pa_1x1_psbk_1569240585306\"><\/div>\n<p>I pyetur, nj\u00eb banor i zon\u00ebs tha se gur\u00ebt vijojn\u00eb t\u00eb bien \u00e7do dit\u00eb, pas t\u00ebrmetit, dhe se shk\u00ebmbi ka q\u00ebndruar vet\u00ebm se nuk ka pasur lag\u00ebshtir\u00eb.<\/p>\n<p>\u201cShk\u00ebmbi ka q\u00ebndruar vet\u00ebn se nuk ka pasur lag\u00ebshtir\u00eb, por \u00e7do dit\u00eb vazhdon t\u00eb bie, q\u00eb pas r\u00ebnies s\u00eb t\u00ebrmetit. Edhe pallati ku jetojm\u00eb ne \u00ebsht\u00eb i car\u00eb nga kati i par\u00eb deri n\u00eb t\u00eb n\u00ebntin. \u00cbsht\u00eb pran\u00eb shk\u00ebmbit. Asnj\u00eb nuk ka ardhur q\u00eb t\u00eb interesohet p\u00ebr k\u00ebt\u00eb pun\u00eb\u201d, tha banori.<\/p>\n<p>Si e p\u00ebrjetuat t\u00ebrmetin?<br \/>\nKur ra t\u00ebrmeti t\u00eb gjith\u00eb njer\u00ebzit dol\u00ebn jasht\u00eb. Edhe mbr\u00ebm\u00eb ishin jasht\u00eb, se \u00ebsht\u00eb me frik\u00eb t\u00eb jesh brenda. Mbr\u00ebm\u00eb ishte frika e asaj se mos bie t\u00ebrmet i fort\u00eb.<\/p>\n<p>\u00c7far\u00eb k\u00ebrkoni?<br \/>\n\u00cbsht\u00eb shum\u00eb e frikshme t\u00eb jetohet n\u00eb k\u00ebt\u00eb pallat, pasi ka marr\u00eb \u00e7arje nga posht\u00eb deri lart. Ne i themi qeveris\u00eb t\u00eb vij\u00eb e t\u00eb marr\u00eb masa p\u00ebr at\u00eb pallat, t\u00eb shoh\u00eb gjendjen si \u00ebsht\u00eb.<\/p>\n","protected":false},"excerpt":{"rendered":"<p>Situata t\u00eb Shk\u00ebmbi i Kavaj\u00ebs vijon t\u00eb jet\u00eb alarmante, pasi vazhdojn\u00eb t\u00eb bien masive shk\u00ebmbor\u00ebsh n\u00eb rrug\u00eb, pas t\u00ebrmetit t\u00eb fuqish\u00ebm me magnitud\u00eb 5.8. banor\u00ebt kan\u00eb th\u00ebn\u00eb se ndon\u00ebse zona \u00ebsht\u00eb nd\u00ebrtuar s\u00eb fundi, n\u00eb dhjet\u00ebvje\u00e7arin e fundit, pasojat e t\u00ebrmetit kan\u00eb qen\u00eb t\u00eb m\u00ebdha, jo vet\u00ebm p\u00ebr shkak t\u00eb fuqis\u00eb s\u00eb madhe t\u00eb l\u00ebkundjes, [&hellip;]<\/p>\n","protected":false},"author":2013,"featured_media":108495,"comment_status":"open","ping_status":"closed","sticky":false,"template":"","format":"standard","meta":{"footnotes":""},"categories":[241,235],"tags":[],"class_list":{"0":"post-108489","1":"post","2":"type-post","3":"status-publish","4":"format-standard","5":"has-post-thumbnail","7":"category-aktualitet","8":"category-vendi"},"_links":{"self":[{"href":"https:\/\/zjarr.tv\/sq\/wp-json\/wp\/v2\/posts\/108489","targetHints":{"allow":["GET"]}}],"collection":[{"href":"https:\/\/zjarr.tv\/sq\/wp-json\/wp\/v2\/posts"}],"about":[{"href":"https:\/\/zjarr.tv\/sq\/wp-json\/wp\/v2\/types\/post"}],"author":[{"embeddable":true,"href":"https:\/\/zjarr.tv\/sq\/wp-json\/wp\/v2\/users\/2013"}],"replies":[{"embeddable":true,"href":"https:\/\/zjarr.tv\/sq\/wp-json\/wp\/v2\/comments?post=108489"}],"version-history":[{"count":0,"href":"https:\/\/zjarr.tv\/sq\/wp-json\/wp\/v2\/posts\/108489\/revisions"}],"wp:featuredmedia":[{"embeddable":true,"href":"https:\/\/zjarr.tv\/sq\/wp-json\/wp\/v2\/media\/108495"}],"wp:attachment":[{"href":"https:\/\/zjarr.tv\/sq\/wp-json\/wp\/v2\/media?parent=108489"}],"wp:term":[{"taxonomy":"category","embeddable":true,"href":"https:\/\/zjarr.tv\/sq\/wp-json\/wp\/v2\/categories?post=108489"},{"taxonomy":"post_tag","embeddable":true,"href":"https:\/\/zjarr.tv\/sq\/wp-json\/wp\/v2\/tags?post=108489"}],"curies":[{"name":"wp","href":"https:\/\/api.w.org\/{rel}","templated":true}]}}